{"id":987509820,"date":"2023-09-01T01:18:58","date_gmt":"2023-09-01T01:18:58","guid":{"rendered":"https:\/\/institutodiscere.com\/revista\/?p=987509820"},"modified":"2023-09-01T01:20:20","modified_gmt":"2023-09-01T01:20:20","slug":"campeones-de-la-liga-empresarial","status":"publish","type":"post","link":"https:\/\/institutodiscere.com\/revista\/campeones-de-la-liga-empresarial\/","title":{"rendered":"Campeones 2023 de la liga empresarial"},"content":{"rendered":"<h2>Los Pichirilos, nuestro equipo, campeones del torneo empresarial 2023<\/h2>\n<p><img decoding=\"async\" class=\" wp-image-987509822 aligncenter lazyload\" src=\"data:image\/gif;base64,R0lGODlhAQABAIAAAAAAAP\/\/\/yH5BAEAAAAALAAAAAABAAEAAAIBRAA7\" data-src=\"http:\/\/institutodiscere.com\/revista\/wp-content\/uploads\/2023\/09\/campeones.jpg\" alt=\"\" width=\"665\" height=\"437\" \/><noscript><img decoding=\"async\" class=\" wp-image-987509822 aligncenter lazyload\" src=\"http:\/\/institutodiscere.com\/revista\/wp-content\/uploads\/2023\/09\/campeones.jpg\" alt=\"\" width=\"665\" height=\"437\" srcset=\"http:\/\/institutodiscere.com\/revista\/wp-content\/uploads\/2023\/09\/campeones.jpg 665w, http:\/\/institutodiscere.com\/revista\/wp-content\/uploads\/2023\/09\/campeones-480x315.jpg 480w\" sizes=\"(min-width: 0px) and (max-width: 480px) 480px, (min-width: 481px) 665px, 100vw\" \/><\/noscript><\/p>\n<h4>No sentimos muy orgullosos y felicitamos al equipo: <em><strong>Los pichirilos<\/strong> <\/em>por haber obtenido el campeonato de la liga empresarial 2023.<\/h4>\n<p>El equipo est\u00e1 integrado por:<\/p>\n<ul>\n<li>Juan P\u00e9rez<\/li>\n<li>Benito Mart\u00ednez<\/li>\n<li>Antonio Gonz\u00e1lez<\/li>\n<li>Gerardo Lara<\/li>\n<li>Jun\u00edpero Serra<\/li>\n<li>Leoncio Melquiades<\/li>\n<li>Horacio Angulo<\/li>\n<li>Luis Alberto Mart\u00ednez Gil.<\/li>\n<li>Gregorio Ludwig<\/li>\n<li>Walter Mercado<\/li>\n<li>Antonio Pe\u00f1a<\/li>\n<\/ul>\n<p>Nos sentimos muy orgullosos por este logro, <strong>\u00a1FELICIDADES!!!\u00a0<\/strong><\/p>\n","protected":false},"excerpt":{"rendered":"<p>Los Pichirilos, nuestro equipo, campeones del torneo empresarial 2023 No sentimos muy orgullosos y felicitamos al equipo: Los pichirilos por haber obtenido el campeonato de la liga empresarial 2023. El equipo est\u00e1 integrado por: Juan P\u00e9rez Benito Mart\u00ednez Antonio Gonz\u00e1lez Gerardo Lara Jun\u00edpero Serra Leoncio Melquiades Horacio Angulo Luis Alberto Mart\u00ednez Gil. Gregorio Ludwig Walter [&hellip;]<\/p>\n","protected":false},"author":1,"featured_media":987509822,"comment_status":"open","ping_status":"closed","sticky":false,"template":"","format":"standard","meta":{"_et_pb_use_builder":"","_et_pb_old_content":"","_et_gb_content_width":"","footnotes":""},"categories":[71],"tags":[],"class_list":["post-987509820","post","type-post","status-publish","format-standard","has-post-thumbnail","hentry","category-nos-sentimos-orgullosos-diciembre-23"],"yoast_head":"<!-- This site is optimized with the Yoast SEO plugin v27.5 - https:\/\/yoast.com\/product\/yoast-seo-wordpress\/ -->\n<title>Campeones 2023 de la liga empresarial - Revista Interna | Instituto Discere<\/title>\n<meta name=\"robots\" content=\"index, follow, max-snippet:-1, max-image-preview:large, max-video-preview:-1\" \/>\n<link rel=\"canonical\" href=\"http:\/\/institutodiscere.com\/revista\/campeones-de-la-liga-empresarial\/\" \/>\n<meta property=\"og:locale\" content=\"es_ES\" \/>\n<meta property=\"og:type\" content=\"article\" \/>\n<meta property=\"og:title\" content=\"Campeones 2023 de la liga empresarial - Revista Interna | Instituto Discere\" \/>\n<meta property=\"og:description\" content=\"Los Pichirilos, nuestro equipo, campeones del torneo empresarial 2023 No sentimos muy orgullosos y felicitamos al equipo: Los pichirilos por haber obtenido el campeonato de la liga empresarial 2023. El equipo est\u00e1 integrado por: Juan P\u00e9rez Benito Mart\u00ednez Antonio Gonz\u00e1lez Gerardo Lara Jun\u00edpero Serra Leoncio Melquiades Horacio Angulo Luis Alberto Mart\u00ednez Gil. Gregorio Ludwig Walter [&hellip;]\" \/>\n<meta property=\"og:url\" content=\"http:\/\/institutodiscere.com\/revista\/campeones-de-la-liga-empresarial\/\" \/>\n<meta property=\"og:site_name\" content=\"Revista Interna | Instituto Discere\" \/>\n<meta property=\"article:published_time\" content=\"2023-09-01T01:18:58+00:00\" \/>\n<meta property=\"article:modified_time\" content=\"2023-09-01T01:20:20+00:00\" \/>\n<meta property=\"og:image\" content=\"http:\/\/institutodiscere.com\/revista\/wp-content\/uploads\/2023\/09\/campeones.jpg\" \/>\n\t<meta property=\"og:image:width\" content=\"600\" \/>\n\t<meta property=\"og:image:height\" content=\"394\" \/>\n\t<meta property=\"og:image:type\" content=\"image\/jpeg\" \/>\n<meta name=\"author\" content=\"ramonpartida\" \/>\n<meta name=\"twitter:card\" content=\"summary_large_image\" \/>\n<meta name=\"twitter:label1\" content=\"Escrito por\" \/>\n\t<meta name=\"twitter:data1\" content=\"ramonpartida\" \/>\n\t<meta name=\"twitter:label2\" content=\"Tiempo de lectura\" \/>\n\t<meta name=\"twitter:data2\" content=\"1 minuto\" \/>\n<script type=\"application\/ld+json\" class=\"yoast-schema-graph\">{\"@context\":\"https:\\\/\\\/schema.org\",\"@graph\":[{\"@type\":\"Article\",\"@id\":\"http:\\\/\\\/institutodiscere.com\\\/revista\\\/campeones-de-la-liga-empresarial\\\/#article\",\"isPartOf\":{\"@id\":\"http:\\\/\\\/institutodiscere.com\\\/revista\\\/campeones-de-la-liga-empresarial\\\/\"},\"author\":{\"name\":\"ramonpartida\",\"@id\":\"https:\\\/\\\/institutodiscere.com\\\/revista\\\/#\\\/schema\\\/person\\\/c28d4da2cdeb0206f162fc4f0326dae9\"},\"headline\":\"Campeones 2023 de la liga empresarial\",\"datePublished\":\"2023-09-01T01:18:58+00:00\",\"dateModified\":\"2023-09-01T01:20:20+00:00\",\"mainEntityOfPage\":{\"@id\":\"http:\\\/\\\/institutodiscere.com\\\/revista\\\/campeones-de-la-liga-empresarial\\\/\"},\"wordCount\":75,\"commentCount\":0,\"publisher\":{\"@id\":\"https:\\\/\\\/institutodiscere.com\\\/revista\\\/#organization\"},\"image\":{\"@id\":\"http:\\\/\\\/institutodiscere.com\\\/revista\\\/campeones-de-la-liga-empresarial\\\/#primaryimage\"},\"thumbnailUrl\":\"https:\\\/\\\/institutodiscere.com\\\/revista\\\/wp-content\\\/uploads\\\/2023\\\/09\\\/campeones.jpg\",\"articleSection\":[\"Nos sentimos orgullosos\"],\"inLanguage\":\"es\",\"potentialAction\":[{\"@type\":\"CommentAction\",\"name\":\"Comment\",\"target\":[\"http:\\\/\\\/institutodiscere.com\\\/revista\\\/campeones-de-la-liga-empresarial\\\/#respond\"]}]},{\"@type\":\"WebPage\",\"@id\":\"http:\\\/\\\/institutodiscere.com\\\/revista\\\/campeones-de-la-liga-empresarial\\\/\",\"url\":\"http:\\\/\\\/institutodiscere.com\\\/revista\\\/campeones-de-la-liga-empresarial\\\/\",\"name\":\"Campeones 2023 de la liga empresarial - Revista Interna | Instituto Discere\",\"isPartOf\":{\"@id\":\"https:\\\/\\\/institutodiscere.com\\\/revista\\\/#website\"},\"primaryImageOfPage\":{\"@id\":\"http:\\\/\\\/institutodiscere.com\\\/revista\\\/campeones-de-la-liga-empresarial\\\/#primaryimage\"},\"image\":{\"@id\":\"http:\\\/\\\/institutodiscere.com\\\/revista\\\/campeones-de-la-liga-empresarial\\\/#primaryimage\"},\"thumbnailUrl\":\"https:\\\/\\\/institutodiscere.com\\\/revista\\\/wp-content\\\/uploads\\\/2023\\\/09\\\/campeones.jpg\",\"datePublished\":\"2023-09-01T01:18:58+00:00\",\"dateModified\":\"2023-09-01T01:20:20+00:00\",\"breadcrumb\":{\"@id\":\"http:\\\/\\\/institutodiscere.com\\\/revista\\\/campeones-de-la-liga-empresarial\\\/#breadcrumb\"},\"inLanguage\":\"es\",\"potentialAction\":[{\"@type\":\"ReadAction\",\"target\":[\"http:\\\/\\\/institutodiscere.com\\\/revista\\\/campeones-de-la-liga-empresarial\\\/\"]}]},{\"@type\":\"ImageObject\",\"inLanguage\":\"es\",\"@id\":\"http:\\\/\\\/institutodiscere.com\\\/revista\\\/campeones-de-la-liga-empresarial\\\/#primaryimage\",\"url\":\"https:\\\/\\\/institutodiscere.com\\\/revista\\\/wp-content\\\/uploads\\\/2023\\\/09\\\/campeones.jpg\",\"contentUrl\":\"https:\\\/\\\/institutodiscere.com\\\/revista\\\/wp-content\\\/uploads\\\/2023\\\/09\\\/campeones.jpg\",\"width\":600,\"height\":394},{\"@type\":\"BreadcrumbList\",\"@id\":\"http:\\\/\\\/institutodiscere.com\\\/revista\\\/campeones-de-la-liga-empresarial\\\/#breadcrumb\",\"itemListElement\":[{\"@type\":\"ListItem\",\"position\":1,\"name\":\"Portada\",\"item\":\"https:\\\/\\\/institutodiscere.com\\\/revista\\\/\"},{\"@type\":\"ListItem\",\"position\":2,\"name\":\"Campeones 2023 de la liga empresarial\"}]},{\"@type\":\"WebSite\",\"@id\":\"https:\\\/\\\/institutodiscere.com\\\/revista\\\/#website\",\"url\":\"https:\\\/\\\/institutodiscere.com\\\/revista\\\/\",\"name\":\"Revista Interna | Instituto Discere\",\"description\":\"Ejemplo de una revista interna hecha para colaboradores de empresa.\",\"publisher\":{\"@id\":\"https:\\\/\\\/institutodiscere.com\\\/revista\\\/#organization\"},\"potentialAction\":[{\"@type\":\"SearchAction\",\"target\":{\"@type\":\"EntryPoint\",\"urlTemplate\":\"https:\\\/\\\/institutodiscere.com\\\/revista\\\/?s={search_term_string}\"},\"query-input\":{\"@type\":\"PropertyValueSpecification\",\"valueRequired\":true,\"valueName\":\"search_term_string\"}}],\"inLanguage\":\"es\"},{\"@type\":\"Organization\",\"@id\":\"https:\\\/\\\/institutodiscere.com\\\/revista\\\/#organization\",\"name\":\"Revista Interna | Instituto Discere\",\"url\":\"https:\\\/\\\/institutodiscere.com\\\/revista\\\/\",\"logo\":{\"@type\":\"ImageObject\",\"inLanguage\":\"es\",\"@id\":\"https:\\\/\\\/institutodiscere.com\\\/revista\\\/#\\\/schema\\\/logo\\\/image\\\/\",\"url\":\"https:\\\/\\\/institutodiscere.com\\\/revista\\\/wp-content\\\/uploads\\\/2023\\\/08\\\/favicon-1.png\",\"contentUrl\":\"https:\\\/\\\/institutodiscere.com\\\/revista\\\/wp-content\\\/uploads\\\/2023\\\/08\\\/favicon-1.png\",\"width\":512,\"height\":512,\"caption\":\"Revista Interna | Instituto Discere\"},\"image\":{\"@id\":\"https:\\\/\\\/institutodiscere.com\\\/revista\\\/#\\\/schema\\\/logo\\\/image\\\/\"}},{\"@type\":\"Person\",\"@id\":\"https:\\\/\\\/institutodiscere.com\\\/revista\\\/#\\\/schema\\\/person\\\/c28d4da2cdeb0206f162fc4f0326dae9\",\"name\":\"ramonpartida\",\"image\":{\"@type\":\"ImageObject\",\"inLanguage\":\"es\",\"@id\":\"https:\\\/\\\/secure.gravatar.com\\\/avatar\\\/afddb720bc182cabcda1cf67e0ffd2bc79510c1c7a6170c8c40eb9d4bcf05b44?s=96&d=mm&r=g\",\"url\":\"https:\\\/\\\/secure.gravatar.com\\\/avatar\\\/afddb720bc182cabcda1cf67e0ffd2bc79510c1c7a6170c8c40eb9d4bcf05b44?s=96&d=mm&r=g\",\"contentUrl\":\"https:\\\/\\\/secure.gravatar.com\\\/avatar\\\/afddb720bc182cabcda1cf67e0ffd2bc79510c1c7a6170c8c40eb9d4bcf05b44?s=96&d=mm&r=g\",\"caption\":\"ramonpartida\"},\"sameAs\":[\"http:\\\/\\\/institutodiscere.com\\\/revista\"],\"url\":\"https:\\\/\\\/institutodiscere.com\\\/revista\\\/author\\\/ramonpartida\\\/\"}]}<\/script>\n<!-- \/ Yoast SEO plugin. -->","yoast_head_json":{"title":"Campeones 2023 de la liga empresarial - Revista Interna | Instituto Discere","robots":{"index":"index","follow":"follow","max-snippet":"max-snippet:-1","max-image-preview":"max-image-preview:large","max-video-preview":"max-video-preview:-1"},"canonical":"http:\/\/institutodiscere.com\/revista\/campeones-de-la-liga-empresarial\/","og_locale":"es_ES","og_type":"article","og_title":"Campeones 2023 de la liga empresarial - Revista Interna | Instituto Discere","og_description":"Los Pichirilos, nuestro equipo, campeones del torneo empresarial 2023 No sentimos muy orgullosos y felicitamos al equipo: Los pichirilos por haber obtenido el campeonato de la liga empresarial 2023. El equipo est\u00e1 integrado por: Juan P\u00e9rez Benito Mart\u00ednez Antonio Gonz\u00e1lez Gerardo Lara Jun\u00edpero Serra Leoncio Melquiades Horacio Angulo Luis Alberto Mart\u00ednez Gil. Gregorio Ludwig Walter [&hellip;]","og_url":"http:\/\/institutodiscere.com\/revista\/campeones-de-la-liga-empresarial\/","og_site_name":"Revista Interna | Instituto Discere","article_published_time":"2023-09-01T01:18:58+00:00","article_modified_time":"2023-09-01T01:20:20+00:00","og_image":[{"width":600,"height":394,"url":"http:\/\/institutodiscere.com\/revista\/wp-content\/uploads\/2023\/09\/campeones.jpg","type":"image\/jpeg"}],"author":"ramonpartida","twitter_card":"summary_large_image","twitter_misc":{"Escrito por":"ramonpartida","Tiempo de lectura":"1 minuto"},"schema":{"@context":"https:\/\/schema.org","@graph":[{"@type":"Article","@id":"http:\/\/institutodiscere.com\/revista\/campeones-de-la-liga-empresarial\/#article","isPartOf":{"@id":"http:\/\/institutodiscere.com\/revista\/campeones-de-la-liga-empresarial\/"},"author":{"name":"ramonpartida","@id":"https:\/\/institutodiscere.com\/revista\/#\/schema\/person\/c28d4da2cdeb0206f162fc4f0326dae9"},"headline":"Campeones 2023 de la liga empresarial","datePublished":"2023-09-01T01:18:58+00:00","dateModified":"2023-09-01T01:20:20+00:00","mainEntityOfPage":{"@id":"http:\/\/institutodiscere.com\/revista\/campeones-de-la-liga-empresarial\/"},"wordCount":75,"commentCount":0,"publisher":{"@id":"https:\/\/institutodiscere.com\/revista\/#organization"},"image":{"@id":"http:\/\/institutodiscere.com\/revista\/campeones-de-la-liga-empresarial\/#primaryimage"},"thumbnailUrl":"https:\/\/institutodiscere.com\/revista\/wp-content\/uploads\/2023\/09\/campeones.jpg","articleSection":["Nos sentimos orgullosos"],"inLanguage":"es","potentialAction":[{"@type":"CommentAction","name":"Comment","target":["http:\/\/institutodiscere.com\/revista\/campeones-de-la-liga-empresarial\/#respond"]}]},{"@type":"WebPage","@id":"http:\/\/institutodiscere.com\/revista\/campeones-de-la-liga-empresarial\/","url":"http:\/\/institutodiscere.com\/revista\/campeones-de-la-liga-empresarial\/","name":"Campeones 2023 de la liga empresarial - Revista Interna | Instituto Discere","isPartOf":{"@id":"https:\/\/institutodiscere.com\/revista\/#website"},"primaryImageOfPage":{"@id":"http:\/\/institutodiscere.com\/revista\/campeones-de-la-liga-empresarial\/#primaryimage"},"image":{"@id":"http:\/\/institutodiscere.com\/revista\/campeones-de-la-liga-empresarial\/#primaryimage"},"thumbnailUrl":"https:\/\/institutodiscere.com\/revista\/wp-content\/uploads\/2023\/09\/campeones.jpg","datePublished":"2023-09-01T01:18:58+00:00","dateModified":"2023-09-01T01:20:20+00:00","breadcrumb":{"@id":"http:\/\/institutodiscere.com\/revista\/campeones-de-la-liga-empresarial\/#breadcrumb"},"inLanguage":"es","potentialAction":[{"@type":"ReadAction","target":["http:\/\/institutodiscere.com\/revista\/campeones-de-la-liga-empresarial\/"]}]},{"@type":"ImageObject","inLanguage":"es","@id":"http:\/\/institutodiscere.com\/revista\/campeones-de-la-liga-empresarial\/#primaryimage","url":"https:\/\/institutodiscere.com\/revista\/wp-content\/uploads\/2023\/09\/campeones.jpg","contentUrl":"https:\/\/institutodiscere.com\/revista\/wp-content\/uploads\/2023\/09\/campeones.jpg","width":600,"height":394},{"@type":"BreadcrumbList","@id":"http:\/\/institutodiscere.com\/revista\/campeones-de-la-liga-empresarial\/#breadcrumb","itemListElement":[{"@type":"ListItem","position":1,"name":"Portada","item":"https:\/\/institutodiscere.com\/revista\/"},{"@type":"ListItem","position":2,"name":"Campeones 2023 de la liga empresarial"}]},{"@type":"WebSite","@id":"https:\/\/institutodiscere.com\/revista\/#website","url":"https:\/\/institutodiscere.com\/revista\/","name":"Revista Interna | Instituto Discere","description":"Ejemplo de una revista interna hecha para colaboradores de empresa.","publisher":{"@id":"https:\/\/institutodiscere.com\/revista\/#organization"},"potentialAction":[{"@type":"SearchAction","target":{"@type":"EntryPoint","urlTemplate":"https:\/\/institutodiscere.com\/revista\/?s={search_term_string}"},"query-input":{"@type":"PropertyValueSpecification","valueRequired":true,"valueName":"search_term_string"}}],"inLanguage":"es"},{"@type":"Organization","@id":"https:\/\/institutodiscere.com\/revista\/#organization","name":"Revista Interna | Instituto Discere","url":"https:\/\/institutodiscere.com\/revista\/","logo":{"@type":"ImageObject","inLanguage":"es","@id":"https:\/\/institutodiscere.com\/revista\/#\/schema\/logo\/image\/","url":"https:\/\/institutodiscere.com\/revista\/wp-content\/uploads\/2023\/08\/favicon-1.png","contentUrl":"https:\/\/institutodiscere.com\/revista\/wp-content\/uploads\/2023\/08\/favicon-1.png","width":512,"height":512,"caption":"Revista Interna | Instituto Discere"},"image":{"@id":"https:\/\/institutodiscere.com\/revista\/#\/schema\/logo\/image\/"}},{"@type":"Person","@id":"https:\/\/institutodiscere.com\/revista\/#\/schema\/person\/c28d4da2cdeb0206f162fc4f0326dae9","name":"ramonpartida","image":{"@type":"ImageObject","inLanguage":"es","@id":"https:\/\/secure.gravatar.com\/avatar\/afddb720bc182cabcda1cf67e0ffd2bc79510c1c7a6170c8c40eb9d4bcf05b44?s=96&d=mm&r=g","url":"https:\/\/secure.gravatar.com\/avatar\/afddb720bc182cabcda1cf67e0ffd2bc79510c1c7a6170c8c40eb9d4bcf05b44?s=96&d=mm&r=g","contentUrl":"https:\/\/secure.gravatar.com\/avatar\/afddb720bc182cabcda1cf67e0ffd2bc79510c1c7a6170c8c40eb9d4bcf05b44?s=96&d=mm&r=g","caption":"ramonpartida"},"sameAs":["http:\/\/institutodiscere.com\/revista"],"url":"https:\/\/institutodiscere.com\/revista\/author\/ramonpartida\/"}]}},"_links":{"self":[{"href":"https:\/\/institutodiscere.com\/revista\/wp-json\/wp\/v2\/posts\/987509820","targetHints":{"allow":["GET"]}}],"collection":[{"href":"https:\/\/institutodiscere.com\/revista\/wp-json\/wp\/v2\/posts"}],"about":[{"href":"https:\/\/institutodiscere.com\/revista\/wp-json\/wp\/v2\/types\/post"}],"author":[{"embeddable":true,"href":"https:\/\/institutodiscere.com\/revista\/wp-json\/wp\/v2\/users\/1"}],"replies":[{"embeddable":true,"href":"https:\/\/institutodiscere.com\/revista\/wp-json\/wp\/v2\/comments?post=987509820"}],"version-history":[{"count":3,"href":"https:\/\/institutodiscere.com\/revista\/wp-json\/wp\/v2\/posts\/987509820\/revisions"}],"predecessor-version":[{"id":987509824,"href":"https:\/\/institutodiscere.com\/revista\/wp-json\/wp\/v2\/posts\/987509820\/revisions\/987509824"}],"wp:featuredmedia":[{"embeddable":true,"href":"https:\/\/institutodiscere.com\/revista\/wp-json\/wp\/v2\/media\/987509822"}],"wp:attachment":[{"href":"https:\/\/institutodiscere.com\/revista\/wp-json\/wp\/v2\/media?parent=987509820"}],"wp:term":[{"taxonomy":"category","embeddable":true,"href":"https:\/\/institutodiscere.com\/revista\/wp-json\/wp\/v2\/categories?post=987509820"},{"taxonomy":"post_tag","embeddable":true,"href":"https:\/\/institutodiscere.com\/revista\/wp-json\/wp\/v2\/tags?post=987509820"}],"curies":[{"name":"wp","href":"https:\/\/api.w.org\/{rel}","templated":true}]}}