{"id":937,"date":"2023-08-21T20:24:49","date_gmt":"2023-08-21T20:24:49","guid":{"rendered":"https:\/\/institutodiscere.com\/revista\/?p=937"},"modified":"2023-08-21T20:26:20","modified_gmt":"2023-08-21T20:26:20","slug":"vacunacion-covid","status":"publish","type":"post","link":"https:\/\/institutodiscere.com\/revista\/vacunacion-covid\/","title":{"rendered":"Vacunaci\u00f3n COVID"},"content":{"rendered":"<p><img decoding=\"async\" class=\"size-full wp-image-938 alignleft lazyload\" src=\"data:image\/gif;base64,R0lGODlhAQABAIAAAAAAAP\/\/\/yH5BAEAAAAALAAAAAABAAEAAAIBRAA7\" data-src=\"http:\/\/institutodiscere.com\/revista\/wp-content\/uploads\/2023\/08\/cruz-roja.png\" alt=\"\" width=\"100\" height=\"101\" \/><noscript><img decoding=\"async\" class=\"size-full wp-image-938 alignleft lazyload\" src=\"http:\/\/institutodiscere.com\/revista\/wp-content\/uploads\/2023\/08\/cruz-roja.png\" alt=\"\" width=\"100\" height=\"101\" \/><\/noscript>A partir del pr\u00f3ximo<span style=\"color: #ff0000;\"><strong> 4 de noviembre<\/strong><\/span> se estar\u00e1n aplicando <span style=\"color: #0000ff;\"><strong>vacunas COVID<\/strong><\/span> para todos aquellos interesados en completar su esquema de vacunaci\u00f3n.<\/p>\n<p>Las vacunas ser\u00e1n aplicadas por personal autorizados de la Universidad de Guadalajara.<\/p>\n<p>No faltes. <strong>Tu salud es lo m\u00e1s importante<\/strong>.<\/p>\n","protected":false},"excerpt":{"rendered":"<p>A partir del pr\u00f3ximo 4 de noviembre se estar\u00e1n aplicando vacunas COVID para todos aquellos interesados en completar su esquema de vacunaci\u00f3n. Las vacunas ser\u00e1n aplicadas por personal autorizados de la Universidad de Guadalajara. No faltes. Tu salud es lo m\u00e1s importante.<\/p>\n","protected":false},"author":1,"featured_media":0,"comment_status":"open","ping_status":"closed","sticky":false,"template":"","format":"standard","meta":{"_et_pb_use_builder":"","_et_pb_old_content":"","_et_gb_content_width":"","footnotes":""},"categories":[52],"tags":[],"class_list":["post-937","post","type-post","status-publish","format-standard","hentry","category-avisos"],"yoast_head":"<!-- This site is optimized with the Yoast SEO plugin v27.5 - https:\/\/yoast.com\/product\/yoast-seo-wordpress\/ -->\n<title>Vacunaci\u00f3n COVID - Revista Interna | Instituto Discere<\/title>\n<meta name=\"robots\" content=\"index, follow, max-snippet:-1, max-image-preview:large, max-video-preview:-1\" \/>\n<link rel=\"canonical\" href=\"https:\/\/institutodiscere.com\/revista\/vacunacion-covid\/\" \/>\n<meta property=\"og:locale\" content=\"es_ES\" \/>\n<meta property=\"og:type\" content=\"article\" \/>\n<meta property=\"og:title\" content=\"Vacunaci\u00f3n COVID - Revista Interna | Instituto Discere\" \/>\n<meta property=\"og:description\" content=\"A partir del pr\u00f3ximo 4 de noviembre se estar\u00e1n aplicando vacunas COVID para todos aquellos interesados en completar su esquema de vacunaci\u00f3n. Las vacunas ser\u00e1n aplicadas por personal autorizados de la Universidad de Guadalajara. No faltes. Tu salud es lo m\u00e1s importante.\" \/>\n<meta property=\"og:url\" content=\"https:\/\/institutodiscere.com\/revista\/vacunacion-covid\/\" \/>\n<meta property=\"og:site_name\" content=\"Revista Interna | Instituto Discere\" \/>\n<meta property=\"article:published_time\" content=\"2023-08-21T20:24:49+00:00\" \/>\n<meta property=\"article:modified_time\" content=\"2023-08-21T20:26:20+00:00\" \/>\n<meta property=\"og:image\" content=\"http:\/\/institutodiscere.com\/revista\/wp-content\/uploads\/2023\/08\/cruz-roja.png\" \/>\n<meta name=\"author\" content=\"ramonpartida\" \/>\n<meta name=\"twitter:card\" content=\"summary_large_image\" \/>\n<meta name=\"twitter:label1\" content=\"Escrito por\" \/>\n\t<meta name=\"twitter:data1\" content=\"ramonpartida\" \/>\n<script type=\"application\/ld+json\" class=\"yoast-schema-graph\">{\"@context\":\"https:\\\/\\\/schema.org\",\"@graph\":[{\"@type\":\"Article\",\"@id\":\"https:\\\/\\\/institutodiscere.com\\\/revista\\\/vacunacion-covid\\\/#article\",\"isPartOf\":{\"@id\":\"https:\\\/\\\/institutodiscere.com\\\/revista\\\/vacunacion-covid\\\/\"},\"author\":{\"name\":\"ramonpartida\",\"@id\":\"https:\\\/\\\/institutodiscere.com\\\/revista\\\/#\\\/schema\\\/person\\\/c28d4da2cdeb0206f162fc4f0326dae9\"},\"headline\":\"Vacunaci\u00f3n COVID\",\"datePublished\":\"2023-08-21T20:24:49+00:00\",\"dateModified\":\"2023-08-21T20:26:20+00:00\",\"mainEntityOfPage\":{\"@id\":\"https:\\\/\\\/institutodiscere.com\\\/revista\\\/vacunacion-covid\\\/\"},\"wordCount\":49,\"commentCount\":0,\"publisher\":{\"@id\":\"https:\\\/\\\/institutodiscere.com\\\/revista\\\/#organization\"},\"image\":{\"@id\":\"https:\\\/\\\/institutodiscere.com\\\/revista\\\/vacunacion-covid\\\/#primaryimage\"},\"thumbnailUrl\":\"http:\\\/\\\/institutodiscere.com\\\/revista\\\/wp-content\\\/uploads\\\/2023\\\/08\\\/cruz-roja.png\",\"articleSection\":[\"Avisos\"],\"inLanguage\":\"es\",\"potentialAction\":[{\"@type\":\"CommentAction\",\"name\":\"Comment\",\"target\":[\"https:\\\/\\\/institutodiscere.com\\\/revista\\\/vacunacion-covid\\\/#respond\"]}]},{\"@type\":\"WebPage\",\"@id\":\"https:\\\/\\\/institutodiscere.com\\\/revista\\\/vacunacion-covid\\\/\",\"url\":\"https:\\\/\\\/institutodiscere.com\\\/revista\\\/vacunacion-covid\\\/\",\"name\":\"Vacunaci\u00f3n COVID - Revista Interna | Instituto Discere\",\"isPartOf\":{\"@id\":\"https:\\\/\\\/institutodiscere.com\\\/revista\\\/#website\"},\"primaryImageOfPage\":{\"@id\":\"https:\\\/\\\/institutodiscere.com\\\/revista\\\/vacunacion-covid\\\/#primaryimage\"},\"image\":{\"@id\":\"https:\\\/\\\/institutodiscere.com\\\/revista\\\/vacunacion-covid\\\/#primaryimage\"},\"thumbnailUrl\":\"http:\\\/\\\/institutodiscere.com\\\/revista\\\/wp-content\\\/uploads\\\/2023\\\/08\\\/cruz-roja.png\",\"datePublished\":\"2023-08-21T20:24:49+00:00\",\"dateModified\":\"2023-08-21T20:26:20+00:00\",\"breadcrumb\":{\"@id\":\"https:\\\/\\\/institutodiscere.com\\\/revista\\\/vacunacion-covid\\\/#breadcrumb\"},\"inLanguage\":\"es\",\"potentialAction\":[{\"@type\":\"ReadAction\",\"target\":[\"https:\\\/\\\/institutodiscere.com\\\/revista\\\/vacunacion-covid\\\/\"]}]},{\"@type\":\"ImageObject\",\"inLanguage\":\"es\",\"@id\":\"https:\\\/\\\/institutodiscere.com\\\/revista\\\/vacunacion-covid\\\/#primaryimage\",\"url\":\"http:\\\/\\\/institutodiscere.com\\\/revista\\\/wp-content\\\/uploads\\\/2023\\\/08\\\/cruz-roja.png\",\"contentUrl\":\"http:\\\/\\\/institutodiscere.com\\\/revista\\\/wp-content\\\/uploads\\\/2023\\\/08\\\/cruz-roja.png\"},{\"@type\":\"BreadcrumbList\",\"@id\":\"https:\\\/\\\/institutodiscere.com\\\/revista\\\/vacunacion-covid\\\/#breadcrumb\",\"itemListElement\":[{\"@type\":\"ListItem\",\"position\":1,\"name\":\"Portada\",\"item\":\"https:\\\/\\\/institutodiscere.com\\\/revista\\\/\"},{\"@type\":\"ListItem\",\"position\":2,\"name\":\"Vacunaci\u00f3n COVID\"}]},{\"@type\":\"WebSite\",\"@id\":\"https:\\\/\\\/institutodiscere.com\\\/revista\\\/#website\",\"url\":\"https:\\\/\\\/institutodiscere.com\\\/revista\\\/\",\"name\":\"Revista Interna | Instituto Discere\",\"description\":\"Ejemplo de una revista interna hecha para colaboradores de empresa.\",\"publisher\":{\"@id\":\"https:\\\/\\\/institutodiscere.com\\\/revista\\\/#organization\"},\"potentialAction\":[{\"@type\":\"SearchAction\",\"target\":{\"@type\":\"EntryPoint\",\"urlTemplate\":\"https:\\\/\\\/institutodiscere.com\\\/revista\\\/?s={search_term_string}\"},\"query-input\":{\"@type\":\"PropertyValueSpecification\",\"valueRequired\":true,\"valueName\":\"search_term_string\"}}],\"inLanguage\":\"es\"},{\"@type\":\"Organization\",\"@id\":\"https:\\\/\\\/institutodiscere.com\\\/revista\\\/#organization\",\"name\":\"Revista Interna | Instituto Discere\",\"url\":\"https:\\\/\\\/institutodiscere.com\\\/revista\\\/\",\"logo\":{\"@type\":\"ImageObject\",\"inLanguage\":\"es\",\"@id\":\"https:\\\/\\\/institutodiscere.com\\\/revista\\\/#\\\/schema\\\/logo\\\/image\\\/\",\"url\":\"https:\\\/\\\/institutodiscere.com\\\/revista\\\/wp-content\\\/uploads\\\/2023\\\/08\\\/favicon-1.png\",\"contentUrl\":\"https:\\\/\\\/institutodiscere.com\\\/revista\\\/wp-content\\\/uploads\\\/2023\\\/08\\\/favicon-1.png\",\"width\":512,\"height\":512,\"caption\":\"Revista Interna | Instituto Discere\"},\"image\":{\"@id\":\"https:\\\/\\\/institutodiscere.com\\\/revista\\\/#\\\/schema\\\/logo\\\/image\\\/\"}},{\"@type\":\"Person\",\"@id\":\"https:\\\/\\\/institutodiscere.com\\\/revista\\\/#\\\/schema\\\/person\\\/c28d4da2cdeb0206f162fc4f0326dae9\",\"name\":\"ramonpartida\",\"image\":{\"@type\":\"ImageObject\",\"inLanguage\":\"es\",\"@id\":\"https:\\\/\\\/secure.gravatar.com\\\/avatar\\\/afddb720bc182cabcda1cf67e0ffd2bc79510c1c7a6170c8c40eb9d4bcf05b44?s=96&d=mm&r=g\",\"url\":\"https:\\\/\\\/secure.gravatar.com\\\/avatar\\\/afddb720bc182cabcda1cf67e0ffd2bc79510c1c7a6170c8c40eb9d4bcf05b44?s=96&d=mm&r=g\",\"contentUrl\":\"https:\\\/\\\/secure.gravatar.com\\\/avatar\\\/afddb720bc182cabcda1cf67e0ffd2bc79510c1c7a6170c8c40eb9d4bcf05b44?s=96&d=mm&r=g\",\"caption\":\"ramonpartida\"},\"sameAs\":[\"http:\\\/\\\/institutodiscere.com\\\/revista\"],\"url\":\"https:\\\/\\\/institutodiscere.com\\\/revista\\\/author\\\/ramonpartida\\\/\"}]}<\/script>\n<!-- \/ Yoast SEO plugin. -->","yoast_head_json":{"title":"Vacunaci\u00f3n COVID - Revista Interna | Instituto Discere","robots":{"index":"index","follow":"follow","max-snippet":"max-snippet:-1","max-image-preview":"max-image-preview:large","max-video-preview":"max-video-preview:-1"},"canonical":"https:\/\/institutodiscere.com\/revista\/vacunacion-covid\/","og_locale":"es_ES","og_type":"article","og_title":"Vacunaci\u00f3n COVID - Revista Interna | Instituto Discere","og_description":"A partir del pr\u00f3ximo 4 de noviembre se estar\u00e1n aplicando vacunas COVID para todos aquellos interesados en completar su esquema de vacunaci\u00f3n. Las vacunas ser\u00e1n aplicadas por personal autorizados de la Universidad de Guadalajara. No faltes. Tu salud es lo m\u00e1s importante.","og_url":"https:\/\/institutodiscere.com\/revista\/vacunacion-covid\/","og_site_name":"Revista Interna | Instituto Discere","article_published_time":"2023-08-21T20:24:49+00:00","article_modified_time":"2023-08-21T20:26:20+00:00","og_image":[{"url":"http:\/\/institutodiscere.com\/revista\/wp-content\/uploads\/2023\/08\/cruz-roja.png","type":"","width":"","height":""}],"author":"ramonpartida","twitter_card":"summary_large_image","twitter_misc":{"Escrito por":"ramonpartida"},"schema":{"@context":"https:\/\/schema.org","@graph":[{"@type":"Article","@id":"https:\/\/institutodiscere.com\/revista\/vacunacion-covid\/#article","isPartOf":{"@id":"https:\/\/institutodiscere.com\/revista\/vacunacion-covid\/"},"author":{"name":"ramonpartida","@id":"https:\/\/institutodiscere.com\/revista\/#\/schema\/person\/c28d4da2cdeb0206f162fc4f0326dae9"},"headline":"Vacunaci\u00f3n COVID","datePublished":"2023-08-21T20:24:49+00:00","dateModified":"2023-08-21T20:26:20+00:00","mainEntityOfPage":{"@id":"https:\/\/institutodiscere.com\/revista\/vacunacion-covid\/"},"wordCount":49,"commentCount":0,"publisher":{"@id":"https:\/\/institutodiscere.com\/revista\/#organization"},"image":{"@id":"https:\/\/institutodiscere.com\/revista\/vacunacion-covid\/#primaryimage"},"thumbnailUrl":"http:\/\/institutodiscere.com\/revista\/wp-content\/uploads\/2023\/08\/cruz-roja.png","articleSection":["Avisos"],"inLanguage":"es","potentialAction":[{"@type":"CommentAction","name":"Comment","target":["https:\/\/institutodiscere.com\/revista\/vacunacion-covid\/#respond"]}]},{"@type":"WebPage","@id":"https:\/\/institutodiscere.com\/revista\/vacunacion-covid\/","url":"https:\/\/institutodiscere.com\/revista\/vacunacion-covid\/","name":"Vacunaci\u00f3n COVID - Revista Interna | Instituto Discere","isPartOf":{"@id":"https:\/\/institutodiscere.com\/revista\/#website"},"primaryImageOfPage":{"@id":"https:\/\/institutodiscere.com\/revista\/vacunacion-covid\/#primaryimage"},"image":{"@id":"https:\/\/institutodiscere.com\/revista\/vacunacion-covid\/#primaryimage"},"thumbnailUrl":"http:\/\/institutodiscere.com\/revista\/wp-content\/uploads\/2023\/08\/cruz-roja.png","datePublished":"2023-08-21T20:24:49+00:00","dateModified":"2023-08-21T20:26:20+00:00","breadcrumb":{"@id":"https:\/\/institutodiscere.com\/revista\/vacunacion-covid\/#breadcrumb"},"inLanguage":"es","potentialAction":[{"@type":"ReadAction","target":["https:\/\/institutodiscere.com\/revista\/vacunacion-covid\/"]}]},{"@type":"ImageObject","inLanguage":"es","@id":"https:\/\/institutodiscere.com\/revista\/vacunacion-covid\/#primaryimage","url":"http:\/\/institutodiscere.com\/revista\/wp-content\/uploads\/2023\/08\/cruz-roja.png","contentUrl":"http:\/\/institutodiscere.com\/revista\/wp-content\/uploads\/2023\/08\/cruz-roja.png"},{"@type":"BreadcrumbList","@id":"https:\/\/institutodiscere.com\/revista\/vacunacion-covid\/#breadcrumb","itemListElement":[{"@type":"ListItem","position":1,"name":"Portada","item":"https:\/\/institutodiscere.com\/revista\/"},{"@type":"ListItem","position":2,"name":"Vacunaci\u00f3n COVID"}]},{"@type":"WebSite","@id":"https:\/\/institutodiscere.com\/revista\/#website","url":"https:\/\/institutodiscere.com\/revista\/","name":"Revista Interna | Instituto Discere","description":"Ejemplo de una revista interna hecha para colaboradores de empresa.","publisher":{"@id":"https:\/\/institutodiscere.com\/revista\/#organization"},"potentialAction":[{"@type":"SearchAction","target":{"@type":"EntryPoint","urlTemplate":"https:\/\/institutodiscere.com\/revista\/?s={search_term_string}"},"query-input":{"@type":"PropertyValueSpecification","valueRequired":true,"valueName":"search_term_string"}}],"inLanguage":"es"},{"@type":"Organization","@id":"https:\/\/institutodiscere.com\/revista\/#organization","name":"Revista Interna | Instituto Discere","url":"https:\/\/institutodiscere.com\/revista\/","logo":{"@type":"ImageObject","inLanguage":"es","@id":"https:\/\/institutodiscere.com\/revista\/#\/schema\/logo\/image\/","url":"https:\/\/institutodiscere.com\/revista\/wp-content\/uploads\/2023\/08\/favicon-1.png","contentUrl":"https:\/\/institutodiscere.com\/revista\/wp-content\/uploads\/2023\/08\/favicon-1.png","width":512,"height":512,"caption":"Revista Interna | Instituto Discere"},"image":{"@id":"https:\/\/institutodiscere.com\/revista\/#\/schema\/logo\/image\/"}},{"@type":"Person","@id":"https:\/\/institutodiscere.com\/revista\/#\/schema\/person\/c28d4da2cdeb0206f162fc4f0326dae9","name":"ramonpartida","image":{"@type":"ImageObject","inLanguage":"es","@id":"https:\/\/secure.gravatar.com\/avatar\/afddb720bc182cabcda1cf67e0ffd2bc79510c1c7a6170c8c40eb9d4bcf05b44?s=96&d=mm&r=g","url":"https:\/\/secure.gravatar.com\/avatar\/afddb720bc182cabcda1cf67e0ffd2bc79510c1c7a6170c8c40eb9d4bcf05b44?s=96&d=mm&r=g","contentUrl":"https:\/\/secure.gravatar.com\/avatar\/afddb720bc182cabcda1cf67e0ffd2bc79510c1c7a6170c8c40eb9d4bcf05b44?s=96&d=mm&r=g","caption":"ramonpartida"},"sameAs":["http:\/\/institutodiscere.com\/revista"],"url":"https:\/\/institutodiscere.com\/revista\/author\/ramonpartida\/"}]}},"_links":{"self":[{"href":"https:\/\/institutodiscere.com\/revista\/wp-json\/wp\/v2\/posts\/937","targetHints":{"allow":["GET"]}}],"collection":[{"href":"https:\/\/institutodiscere.com\/revista\/wp-json\/wp\/v2\/posts"}],"about":[{"href":"https:\/\/institutodiscere.com\/revista\/wp-json\/wp\/v2\/types\/post"}],"author":[{"embeddable":true,"href":"https:\/\/institutodiscere.com\/revista\/wp-json\/wp\/v2\/users\/1"}],"replies":[{"embeddable":true,"href":"https:\/\/institutodiscere.com\/revista\/wp-json\/wp\/v2\/comments?post=937"}],"version-history":[{"count":3,"href":"https:\/\/institutodiscere.com\/revista\/wp-json\/wp\/v2\/posts\/937\/revisions"}],"predecessor-version":[{"id":941,"href":"https:\/\/institutodiscere.com\/revista\/wp-json\/wp\/v2\/posts\/937\/revisions\/941"}],"wp:attachment":[{"href":"https:\/\/institutodiscere.com\/revista\/wp-json\/wp\/v2\/media?parent=937"}],"wp:term":[{"taxonomy":"category","embeddable":true,"href":"https:\/\/institutodiscere.com\/revista\/wp-json\/wp\/v2\/categories?post=937"},{"taxonomy":"post_tag","embeddable":true,"href":"https:\/\/institutodiscere.com\/revista\/wp-json\/wp\/v2\/tags?post=937"}],"curies":[{"name":"wp","href":"https:\/\/api.w.org\/{rel}","templated":true}]}}