{"id":425,"date":"2023-08-09T15:56:39","date_gmt":"2023-08-09T15:56:39","guid":{"rendered":"http:\/\/tdi_85_b1d"},"modified":"2023-09-01T18:27:06","modified_gmt":"2023-09-01T18:27:06","slug":"el-respeto-a-la-identidad-de-todos","status":"publish","type":"post","link":"https:\/\/institutodiscere.com\/revista\/el-respeto-a-la-identidad-de-todos\/","title":{"rendered":"El respeto a la identidad de todos"},"content":{"rendered":"\r\n<blockquote>\r\n<p>Uno de los valores m\u00e1s apreciados en <span style=\"color: #008000;\"><strong>Zipizape<\/strong> <\/span>es el respeto a la identidad de nuestros colaboradores.<\/p>\r\n<\/blockquote>\r\n<p><span style=\"color: #0000ff;\"><em>Escucha este art\u00edculo:<\/em><\/span><\/p>\r\n<audio class=\"wp-audio-shortcode\" id=\"audio-425-1\" preload=\"none\" style=\"width: 100%;\" controls=\"controls\"><source type=\"audio\/mpeg\" src=\"http:\/\/institutodiscere.com\/revista\/wp-content\/uploads\/2023\/08\/Establecer-la-vision-de-tu-area.mp3?_=1\" \/><a href=\"http:\/\/institutodiscere.com\/revista\/wp-content\/uploads\/2023\/08\/Establecer-la-vision-de-tu-area.mp3\">http:\/\/institutodiscere.com\/revista\/wp-content\/uploads\/2023\/08\/Establecer-la-vision-de-tu-area.mp3<\/a><\/audio>\r\n<blockquote>\r\n<p style=\"max-width: 600px;\">Ser diferente es uno de los valores m\u00e1s apreciados por ZIPIZAPE y es una caracter\u00edstica que debemos cuidar y sustentar todos los que participamos en la organizaci\u00f3n.<\/p>\r\n<\/blockquote>\r\n<h3>Todos somos distintos y eso enriquece a la empresa.<\/h3>\r\n\r\n\r\n\r\n<p style=\"max-width: 600px;\"><span style=\"color: #666666;\"><span style=\"font-size: 14px;\">Siempre habr\u00e1 alguien distinto. Juan Carlos prefiere el beisbol, aunque la empresa cuenta con un equipo de futbol muy exitoso en la liga de empresas de nuestra regi\u00f3n, esta diferencia nos permite tener personas como Juan Carlos que no est\u00e1n interesados en el balompi\u00e9, sin embargo, no por ello debe ser excluido de ser un fan\u00e1tico de su deporte. Tambi\u00e9n habr\u00e1 muchas otras personas que no se interesan en lo mas m\u00ednimo en ning\u00fan deporte y prefieran otro tipo de actividades que no tienen nada que ver con el deporte.<\/span><\/span><\/p>\r\n<h3 class=\"wp-block-heading\">La diversidad nos enriquece.<\/h3>\r\n<p>Si todos en la empresa tuvi\u00e9ramos las mismas preferencias, comportamientos y actitudes ser\u00eda imposible la convivencia entre todos, principalmente porque las diferencias nos permiten conocer los otros puntos de vista de los dem\u00e1s y as\u00ed, enriquecer nuestras actitudes y decisiones en en el momento de hacer las cosas.<\/p>\r\n<p>El respeto a los dem\u00e1s, sus opiniones, preferencias y gustos, permiten que nuestra empresa sea mucho m\u00e1s abierta y preparada para enfrentar cualquier situaci\u00f3n que pudiera salir de control porque todos pensar\u00edamos de la misma forma, convirti\u00e9ndonos en v\u00edctimas de nuestra propia ceguera.<\/p>\r\n<h3>El texto continua&#8230;<\/h3>\r\n<p><img decoding=\"async\" class=\"size-medium wp-image-824 alignleft lazyload\" src=\"data:image\/gif;base64,R0lGODlhAQABAIAAAAAAAP\/\/\/yH5BAEAAAAALAAAAAABAAEAAAIBRAA7\" data-src=\"http:\/\/institutodiscere.com\/revista\/wp-content\/uploads\/2023\/08\/celular-300x300.jpg\" alt=\"\" width=\"300\" height=\"300\" \/><noscript><img decoding=\"async\" class=\"size-medium wp-image-824 alignleft lazyload\" src=\"http:\/\/institutodiscere.com\/revista\/wp-content\/uploads\/2023\/08\/celular-300x300.jpg\" alt=\"\" width=\"300\" height=\"300\" \/><\/noscript>Lorem ipsum dolor sit amet consectetur adipiscing elit nostra, cras conubia dui a cursus neque tempor, turpis fames aenean luctus sapien cum varius erat, lacinia molestie accumsan fermentum morbi vitae. Venenatis velit habitasse porta per nulla sagittis est metus accumsan libero magnis dignissim cursus, sem leo auctor dui ante ligula integer felis convallis vitae fermentum diam, neque laoreet ac netus arcu lobortis mus commodo duis id ornare lacinia. Non natoque cras libero orci placerat nunc bibendum nulla fermentum, venenatis proin molestie lobortis quisque sapien volutpat quam cubilia, feugiat fringilla ultrices auctor lacinia curabitur nisl blandit, tincidunt fusce ridiculus nam ultricies porta lacus ligula.<\/p>\r\n<p>Suspendisse eleifend sagittis parturient pharetra vivamus, odio laoreet viverra accumsan at lectus, eu nam libero taciti. Interdum habitant nullam accumsan maecenas sed senectus cras, class mi risus porta sapien duis, lectus a erat massa litora commodo. Quis congue ultrices sem tempus a arcu pretium parturient eu pharetra, venenatis quam mauris cursus justo at laoreet ultricies. Ad dictumst in blandit habitant vel litora potenti quam, inceptos at ut mattis sollicitudin mollis libero nullam arcu, cras dignissim netus conubia suscipit posuere nibh.<\/p>\r\n<p>Fringilla aenean proin fames rutrum nulla vulputate orci elementum diam faucibus mus nunc pulvinar, eget ullamcorper euismod eros natoque ridiculus quis rhoncus purus auctor sagittis. Gravida porta mi magna diam volutpat viverra dictum dignissim vehicula, ac felis nec eros velit feugiat mattis turpis natoque, mauris primis imperdiet sed quam ante curae scelerisque. Imperdiet ornare morbi tellus rhoncus nam convallis faucibus nascetur sodales eget, ultrices orci viverra auctor hendrerit purus scelerisque montes litora. Feugiat turpis nullam semper erat quisque habitasse lobortis aliquet ultricies vel molestie primis, mollis pharetra ullamcorper ridiculus condimentum est eleifend rhoncus ultrices nibh ante.<\/p>\r\n<h3>Vivamus est mus vulputate torquent rhoncus ad augue.<\/h3>\r\n<p>Vandit sodales ornare feugiat eros pretium massa, velit nisl vitae euismod curabitur dignissim. Ridiculus a porta nulla placerat interdum lacus natoque molestie, ac elementum dui nec turpis enim hac pharetra dignissim, metus feugiat etiam faucibus volutpat scelerisque proin. Luctus mi molestie felis vestibulum etiam dignissim duis neque lacinia, in turpis phasellus suscipit natoque blandit diam tortor odio, sollicitudin gravida et aptent purus fringilla sagittis imperdiet. Turpis urna tortor volutpat aenean ullamcorper vivamus dictumst scelerisque porta a, tellus sociis rhoncus nec etiam eu purus est vel per, potenti praesent rutrum dis nunc id vulputate cras ut.<\/p>\r\n<h3>En Conclusi\u00f3n:<\/h3>\r\n<ul>\r\n<li>Urna maecenas velit hac facilisis eros nunc egestas erat,<\/li>\r\n<li>Integer risus ac bibendum eget ultricies euismod inceptos metus,<\/li>\r\n<li>Sociis magna sem fermentum enim senectus etiam.<\/li>\r\n<li>Curabitur eros ultrices donec senectus nibh mollis, mi sed erat lacinia aliquam<\/li>\r\n<li>Primis id, sociosqu vulputate sodales viverra leo.<\/li>\r\n<li>Sapien facilisi aptent non malesuada posuere himenaeos tempor magnis aliquet, euismod volutpat leo odio vehicula ac metus.<\/li>\r\n<\/ul>\r\n","protected":false},"excerpt":{"rendered":"<p>Uno de los valores m\u00e1s apreciados en Zipizape es el respeto a la identidad de nuestros colaboradores.<\/p>\n","protected":false},"author":1,"featured_media":823,"comment_status":"open","ping_status":"closed","sticky":false,"template":"","format":"standard","meta":{"_et_pb_use_builder":"","_et_pb_old_content":"","_et_gb_content_width":"","footnotes":""},"categories":[16],"tags":[],"class_list":["post-425","post","type-post","status-publish","format-standard","has-post-thumbnail","hentry","category-filosofia-y-valores"],"yoast_head":"<!-- This site is optimized with the Yoast SEO plugin v27.5 - https:\/\/yoast.com\/product\/yoast-seo-wordpress\/ -->\n<title>El respeto a la identidad de todos - Revista Interna | Instituto Discere<\/title>\n<meta name=\"robots\" content=\"index, follow, max-snippet:-1, max-image-preview:large, max-video-preview:-1\" \/>\n<link rel=\"canonical\" href=\"https:\/\/institutodiscere.com\/revista\/el-respeto-a-la-identidad-de-todos\/\" \/>\n<meta property=\"og:locale\" content=\"es_ES\" \/>\n<meta property=\"og:type\" content=\"article\" \/>\n<meta property=\"og:title\" content=\"El respeto a la identidad de todos - Revista Interna | Instituto Discere\" \/>\n<meta property=\"og:description\" content=\"Uno de los valores m\u00e1s apreciados en Zipizape es el respeto a la identidad de nuestros colaboradores.\" \/>\n<meta property=\"og:url\" content=\"https:\/\/institutodiscere.com\/revista\/el-respeto-a-la-identidad-de-todos\/\" \/>\n<meta property=\"og:site_name\" content=\"Revista Interna | Instituto Discere\" \/>\n<meta property=\"article:published_time\" content=\"2023-08-09T15:56:39+00:00\" \/>\n<meta property=\"article:modified_time\" content=\"2023-09-01T18:27:06+00:00\" \/>\n<meta property=\"og:image\" content=\"https:\/\/institutodiscere.com\/revista\/wp-content\/uploads\/2023\/08\/mkt-2.jpg\" \/>\n\t<meta property=\"og:image:width\" content=\"600\" \/>\n\t<meta property=\"og:image:height\" content=\"401\" \/>\n\t<meta property=\"og:image:type\" content=\"image\/jpeg\" \/>\n<meta name=\"author\" content=\"ramonpartida\" \/>\n<meta name=\"twitter:card\" content=\"summary_large_image\" \/>\n<meta name=\"twitter:label1\" content=\"Escrito por\" \/>\n\t<meta name=\"twitter:data1\" content=\"ramonpartida\" \/>\n\t<meta name=\"twitter:label2\" content=\"Tiempo de lectura\" \/>\n\t<meta name=\"twitter:data2\" content=\"4 minutos\" \/>\n<script type=\"application\/ld+json\" class=\"yoast-schema-graph\">{\"@context\":\"https:\\\/\\\/schema.org\",\"@graph\":[{\"@type\":\"Article\",\"@id\":\"https:\\\/\\\/institutodiscere.com\\\/revista\\\/el-respeto-a-la-identidad-de-todos\\\/#article\",\"isPartOf\":{\"@id\":\"https:\\\/\\\/institutodiscere.com\\\/revista\\\/el-respeto-a-la-identidad-de-todos\\\/\"},\"author\":{\"name\":\"ramonpartida\",\"@id\":\"https:\\\/\\\/institutodiscere.com\\\/revista\\\/#\\\/schema\\\/person\\\/c28d4da2cdeb0206f162fc4f0326dae9\"},\"headline\":\"El respeto a la identidad de todos\",\"datePublished\":\"2023-08-09T15:56:39+00:00\",\"dateModified\":\"2023-09-01T18:27:06+00:00\",\"mainEntityOfPage\":{\"@id\":\"https:\\\/\\\/institutodiscere.com\\\/revista\\\/el-respeto-a-la-identidad-de-todos\\\/\"},\"wordCount\":728,\"commentCount\":0,\"publisher\":{\"@id\":\"https:\\\/\\\/institutodiscere.com\\\/revista\\\/#organization\"},\"image\":{\"@id\":\"https:\\\/\\\/institutodiscere.com\\\/revista\\\/el-respeto-a-la-identidad-de-todos\\\/#primaryimage\"},\"thumbnailUrl\":\"https:\\\/\\\/institutodiscere.com\\\/revista\\\/wp-content\\\/uploads\\\/2023\\\/08\\\/mkt-2.jpg\",\"articleSection\":[\"Filosof\u00eda y Valores\"],\"inLanguage\":\"es\",\"potentialAction\":[{\"@type\":\"CommentAction\",\"name\":\"Comment\",\"target\":[\"https:\\\/\\\/institutodiscere.com\\\/revista\\\/el-respeto-a-la-identidad-de-todos\\\/#respond\"]}]},{\"@type\":\"WebPage\",\"@id\":\"https:\\\/\\\/institutodiscere.com\\\/revista\\\/el-respeto-a-la-identidad-de-todos\\\/\",\"url\":\"https:\\\/\\\/institutodiscere.com\\\/revista\\\/el-respeto-a-la-identidad-de-todos\\\/\",\"name\":\"El respeto a la identidad de todos - Revista Interna | Instituto Discere\",\"isPartOf\":{\"@id\":\"https:\\\/\\\/institutodiscere.com\\\/revista\\\/#website\"},\"primaryImageOfPage\":{\"@id\":\"https:\\\/\\\/institutodiscere.com\\\/revista\\\/el-respeto-a-la-identidad-de-todos\\\/#primaryimage\"},\"image\":{\"@id\":\"https:\\\/\\\/institutodiscere.com\\\/revista\\\/el-respeto-a-la-identidad-de-todos\\\/#primaryimage\"},\"thumbnailUrl\":\"https:\\\/\\\/institutodiscere.com\\\/revista\\\/wp-content\\\/uploads\\\/2023\\\/08\\\/mkt-2.jpg\",\"datePublished\":\"2023-08-09T15:56:39+00:00\",\"dateModified\":\"2023-09-01T18:27:06+00:00\",\"breadcrumb\":{\"@id\":\"https:\\\/\\\/institutodiscere.com\\\/revista\\\/el-respeto-a-la-identidad-de-todos\\\/#breadcrumb\"},\"inLanguage\":\"es\",\"potentialAction\":[{\"@type\":\"ReadAction\",\"target\":[\"https:\\\/\\\/institutodiscere.com\\\/revista\\\/el-respeto-a-la-identidad-de-todos\\\/\"]}]},{\"@type\":\"ImageObject\",\"inLanguage\":\"es\",\"@id\":\"https:\\\/\\\/institutodiscere.com\\\/revista\\\/el-respeto-a-la-identidad-de-todos\\\/#primaryimage\",\"url\":\"https:\\\/\\\/institutodiscere.com\\\/revista\\\/wp-content\\\/uploads\\\/2023\\\/08\\\/mkt-2.jpg\",\"contentUrl\":\"https:\\\/\\\/institutodiscere.com\\\/revista\\\/wp-content\\\/uploads\\\/2023\\\/08\\\/mkt-2.jpg\",\"width\":600,\"height\":401},{\"@type\":\"BreadcrumbList\",\"@id\":\"https:\\\/\\\/institutodiscere.com\\\/revista\\\/el-respeto-a-la-identidad-de-todos\\\/#breadcrumb\",\"itemListElement\":[{\"@type\":\"ListItem\",\"position\":1,\"name\":\"Portada\",\"item\":\"https:\\\/\\\/institutodiscere.com\\\/revista\\\/\"},{\"@type\":\"ListItem\",\"position\":2,\"name\":\"El respeto a la identidad de todos\"}]},{\"@type\":\"WebSite\",\"@id\":\"https:\\\/\\\/institutodiscere.com\\\/revista\\\/#website\",\"url\":\"https:\\\/\\\/institutodiscere.com\\\/revista\\\/\",\"name\":\"Revista Interna | Instituto Discere\",\"description\":\"Ejemplo de una revista interna hecha para colaboradores de empresa.\",\"publisher\":{\"@id\":\"https:\\\/\\\/institutodiscere.com\\\/revista\\\/#organization\"},\"potentialAction\":[{\"@type\":\"SearchAction\",\"target\":{\"@type\":\"EntryPoint\",\"urlTemplate\":\"https:\\\/\\\/institutodiscere.com\\\/revista\\\/?s={search_term_string}\"},\"query-input\":{\"@type\":\"PropertyValueSpecification\",\"valueRequired\":true,\"valueName\":\"search_term_string\"}}],\"inLanguage\":\"es\"},{\"@type\":\"Organization\",\"@id\":\"https:\\\/\\\/institutodiscere.com\\\/revista\\\/#organization\",\"name\":\"Revista Interna | Instituto Discere\",\"url\":\"https:\\\/\\\/institutodiscere.com\\\/revista\\\/\",\"logo\":{\"@type\":\"ImageObject\",\"inLanguage\":\"es\",\"@id\":\"https:\\\/\\\/institutodiscere.com\\\/revista\\\/#\\\/schema\\\/logo\\\/image\\\/\",\"url\":\"https:\\\/\\\/institutodiscere.com\\\/revista\\\/wp-content\\\/uploads\\\/2023\\\/08\\\/favicon-1.png\",\"contentUrl\":\"https:\\\/\\\/institutodiscere.com\\\/revista\\\/wp-content\\\/uploads\\\/2023\\\/08\\\/favicon-1.png\",\"width\":512,\"height\":512,\"caption\":\"Revista Interna | Instituto Discere\"},\"image\":{\"@id\":\"https:\\\/\\\/institutodiscere.com\\\/revista\\\/#\\\/schema\\\/logo\\\/image\\\/\"}},{\"@type\":\"Person\",\"@id\":\"https:\\\/\\\/institutodiscere.com\\\/revista\\\/#\\\/schema\\\/person\\\/c28d4da2cdeb0206f162fc4f0326dae9\",\"name\":\"ramonpartida\",\"image\":{\"@type\":\"ImageObject\",\"inLanguage\":\"es\",\"@id\":\"https:\\\/\\\/secure.gravatar.com\\\/avatar\\\/afddb720bc182cabcda1cf67e0ffd2bc79510c1c7a6170c8c40eb9d4bcf05b44?s=96&d=mm&r=g\",\"url\":\"https:\\\/\\\/secure.gravatar.com\\\/avatar\\\/afddb720bc182cabcda1cf67e0ffd2bc79510c1c7a6170c8c40eb9d4bcf05b44?s=96&d=mm&r=g\",\"contentUrl\":\"https:\\\/\\\/secure.gravatar.com\\\/avatar\\\/afddb720bc182cabcda1cf67e0ffd2bc79510c1c7a6170c8c40eb9d4bcf05b44?s=96&d=mm&r=g\",\"caption\":\"ramonpartida\"},\"sameAs\":[\"http:\\\/\\\/institutodiscere.com\\\/revista\"],\"url\":\"https:\\\/\\\/institutodiscere.com\\\/revista\\\/author\\\/ramonpartida\\\/\"}]}<\/script>\n<!-- \/ Yoast SEO plugin. -->","yoast_head_json":{"title":"El respeto a la identidad de todos - Revista Interna | Instituto Discere","robots":{"index":"index","follow":"follow","max-snippet":"max-snippet:-1","max-image-preview":"max-image-preview:large","max-video-preview":"max-video-preview:-1"},"canonical":"https:\/\/institutodiscere.com\/revista\/el-respeto-a-la-identidad-de-todos\/","og_locale":"es_ES","og_type":"article","og_title":"El respeto a la identidad de todos - Revista Interna | Instituto Discere","og_description":"Uno de los valores m\u00e1s apreciados en Zipizape es el respeto a la identidad de nuestros colaboradores.","og_url":"https:\/\/institutodiscere.com\/revista\/el-respeto-a-la-identidad-de-todos\/","og_site_name":"Revista Interna | Instituto Discere","article_published_time":"2023-08-09T15:56:39+00:00","article_modified_time":"2023-09-01T18:27:06+00:00","og_image":[{"width":600,"height":401,"url":"https:\/\/institutodiscere.com\/revista\/wp-content\/uploads\/2023\/08\/mkt-2.jpg","type":"image\/jpeg"}],"author":"ramonpartida","twitter_card":"summary_large_image","twitter_misc":{"Escrito por":"ramonpartida","Tiempo de lectura":"4 minutos"},"schema":{"@context":"https:\/\/schema.org","@graph":[{"@type":"Article","@id":"https:\/\/institutodiscere.com\/revista\/el-respeto-a-la-identidad-de-todos\/#article","isPartOf":{"@id":"https:\/\/institutodiscere.com\/revista\/el-respeto-a-la-identidad-de-todos\/"},"author":{"name":"ramonpartida","@id":"https:\/\/institutodiscere.com\/revista\/#\/schema\/person\/c28d4da2cdeb0206f162fc4f0326dae9"},"headline":"El respeto a la identidad de todos","datePublished":"2023-08-09T15:56:39+00:00","dateModified":"2023-09-01T18:27:06+00:00","mainEntityOfPage":{"@id":"https:\/\/institutodiscere.com\/revista\/el-respeto-a-la-identidad-de-todos\/"},"wordCount":728,"commentCount":0,"publisher":{"@id":"https:\/\/institutodiscere.com\/revista\/#organization"},"image":{"@id":"https:\/\/institutodiscere.com\/revista\/el-respeto-a-la-identidad-de-todos\/#primaryimage"},"thumbnailUrl":"https:\/\/institutodiscere.com\/revista\/wp-content\/uploads\/2023\/08\/mkt-2.jpg","articleSection":["Filosof\u00eda y Valores"],"inLanguage":"es","potentialAction":[{"@type":"CommentAction","name":"Comment","target":["https:\/\/institutodiscere.com\/revista\/el-respeto-a-la-identidad-de-todos\/#respond"]}]},{"@type":"WebPage","@id":"https:\/\/institutodiscere.com\/revista\/el-respeto-a-la-identidad-de-todos\/","url":"https:\/\/institutodiscere.com\/revista\/el-respeto-a-la-identidad-de-todos\/","name":"El respeto a la identidad de todos - Revista Interna | Instituto Discere","isPartOf":{"@id":"https:\/\/institutodiscere.com\/revista\/#website"},"primaryImageOfPage":{"@id":"https:\/\/institutodiscere.com\/revista\/el-respeto-a-la-identidad-de-todos\/#primaryimage"},"image":{"@id":"https:\/\/institutodiscere.com\/revista\/el-respeto-a-la-identidad-de-todos\/#primaryimage"},"thumbnailUrl":"https:\/\/institutodiscere.com\/revista\/wp-content\/uploads\/2023\/08\/mkt-2.jpg","datePublished":"2023-08-09T15:56:39+00:00","dateModified":"2023-09-01T18:27:06+00:00","breadcrumb":{"@id":"https:\/\/institutodiscere.com\/revista\/el-respeto-a-la-identidad-de-todos\/#breadcrumb"},"inLanguage":"es","potentialAction":[{"@type":"ReadAction","target":["https:\/\/institutodiscere.com\/revista\/el-respeto-a-la-identidad-de-todos\/"]}]},{"@type":"ImageObject","inLanguage":"es","@id":"https:\/\/institutodiscere.com\/revista\/el-respeto-a-la-identidad-de-todos\/#primaryimage","url":"https:\/\/institutodiscere.com\/revista\/wp-content\/uploads\/2023\/08\/mkt-2.jpg","contentUrl":"https:\/\/institutodiscere.com\/revista\/wp-content\/uploads\/2023\/08\/mkt-2.jpg","width":600,"height":401},{"@type":"BreadcrumbList","@id":"https:\/\/institutodiscere.com\/revista\/el-respeto-a-la-identidad-de-todos\/#breadcrumb","itemListElement":[{"@type":"ListItem","position":1,"name":"Portada","item":"https:\/\/institutodiscere.com\/revista\/"},{"@type":"ListItem","position":2,"name":"El respeto a la identidad de todos"}]},{"@type":"WebSite","@id":"https:\/\/institutodiscere.com\/revista\/#website","url":"https:\/\/institutodiscere.com\/revista\/","name":"Revista Interna | Instituto Discere","description":"Ejemplo de una revista interna hecha para colaboradores de empresa.","publisher":{"@id":"https:\/\/institutodiscere.com\/revista\/#organization"},"potentialAction":[{"@type":"SearchAction","target":{"@type":"EntryPoint","urlTemplate":"https:\/\/institutodiscere.com\/revista\/?s={search_term_string}"},"query-input":{"@type":"PropertyValueSpecification","valueRequired":true,"valueName":"search_term_string"}}],"inLanguage":"es"},{"@type":"Organization","@id":"https:\/\/institutodiscere.com\/revista\/#organization","name":"Revista Interna | Instituto Discere","url":"https:\/\/institutodiscere.com\/revista\/","logo":{"@type":"ImageObject","inLanguage":"es","@id":"https:\/\/institutodiscere.com\/revista\/#\/schema\/logo\/image\/","url":"https:\/\/institutodiscere.com\/revista\/wp-content\/uploads\/2023\/08\/favicon-1.png","contentUrl":"https:\/\/institutodiscere.com\/revista\/wp-content\/uploads\/2023\/08\/favicon-1.png","width":512,"height":512,"caption":"Revista Interna | Instituto Discere"},"image":{"@id":"https:\/\/institutodiscere.com\/revista\/#\/schema\/logo\/image\/"}},{"@type":"Person","@id":"https:\/\/institutodiscere.com\/revista\/#\/schema\/person\/c28d4da2cdeb0206f162fc4f0326dae9","name":"ramonpartida","image":{"@type":"ImageObject","inLanguage":"es","@id":"https:\/\/secure.gravatar.com\/avatar\/afddb720bc182cabcda1cf67e0ffd2bc79510c1c7a6170c8c40eb9d4bcf05b44?s=96&d=mm&r=g","url":"https:\/\/secure.gravatar.com\/avatar\/afddb720bc182cabcda1cf67e0ffd2bc79510c1c7a6170c8c40eb9d4bcf05b44?s=96&d=mm&r=g","contentUrl":"https:\/\/secure.gravatar.com\/avatar\/afddb720bc182cabcda1cf67e0ffd2bc79510c1c7a6170c8c40eb9d4bcf05b44?s=96&d=mm&r=g","caption":"ramonpartida"},"sameAs":["http:\/\/institutodiscere.com\/revista"],"url":"https:\/\/institutodiscere.com\/revista\/author\/ramonpartida\/"}]}},"_links":{"self":[{"href":"https:\/\/institutodiscere.com\/revista\/wp-json\/wp\/v2\/posts\/425","targetHints":{"allow":["GET"]}}],"collection":[{"href":"https:\/\/institutodiscere.com\/revista\/wp-json\/wp\/v2\/posts"}],"about":[{"href":"https:\/\/institutodiscere.com\/revista\/wp-json\/wp\/v2\/types\/post"}],"author":[{"embeddable":true,"href":"https:\/\/institutodiscere.com\/revista\/wp-json\/wp\/v2\/users\/1"}],"replies":[{"embeddable":true,"href":"https:\/\/institutodiscere.com\/revista\/wp-json\/wp\/v2\/comments?post=425"}],"version-history":[{"count":7,"href":"https:\/\/institutodiscere.com\/revista\/wp-json\/wp\/v2\/posts\/425\/revisions"}],"predecessor-version":[{"id":987509988,"href":"https:\/\/institutodiscere.com\/revista\/wp-json\/wp\/v2\/posts\/425\/revisions\/987509988"}],"wp:featuredmedia":[{"embeddable":true,"href":"https:\/\/institutodiscere.com\/revista\/wp-json\/wp\/v2\/media\/823"}],"wp:attachment":[{"href":"https:\/\/institutodiscere.com\/revista\/wp-json\/wp\/v2\/media?parent=425"}],"wp:term":[{"taxonomy":"category","embeddable":true,"href":"https:\/\/institutodiscere.com\/revista\/wp-json\/wp\/v2\/categories?post=425"},{"taxonomy":"post_tag","embeddable":true,"href":"https:\/\/institutodiscere.com\/revista\/wp-json\/wp\/v2\/tags?post=425"}],"curies":[{"name":"wp","href":"https:\/\/api.w.org\/{rel}","templated":true}]}}