{"id":391,"date":"2023-08-09T15:56:38","date_gmt":"2023-08-09T15:56:38","guid":{"rendered":"http:\/\/tdi_68_933"},"modified":"2023-08-21T16:21:22","modified_gmt":"2023-08-21T16:21:22","slug":"los-enemigos-de-la-convivencia-familiar","status":"publish","type":"post","link":"https:\/\/institutodiscere.com\/revista\/los-enemigos-de-la-convivencia-familiar\/","title":{"rendered":"Los enemigos de la convivencia familiar"},"content":{"rendered":"\r\n<blockquote>\r\n<p>Desde hace alg\u00fan tiempo, el tel\u00e9fono celular se ha venido convirtiendo en un enemigo de la comunicaci\u00f3n y la convivencia familiar. \u00bfC\u00f3mo es la din\u00e1mica de familia en tu casa? \u00bfnecesitas replantear el uso de este aparato en tu vida familiar?<\/p>\r\n<\/blockquote>\r\n<p><span style=\"color: #0000ff;\"><em>Escucha el art\u00edculo aqu\u00ed:<\/em><\/span><\/p>\r\n<audio class=\"wp-audio-shortcode\" id=\"audio-391-1\" preload=\"none\" style=\"width: 100%;\" controls=\"controls\"><source type=\"audio\/mpeg\" src=\"http:\/\/institutodiscere.com\/revista\/wp-content\/uploads\/2023\/08\/Establecer-la-vision-de-tu-area.mp3?_=1\" \/><a href=\"http:\/\/institutodiscere.com\/revista\/wp-content\/uploads\/2023\/08\/Establecer-la-vision-de-tu-area.mp3\">http:\/\/institutodiscere.com\/revista\/wp-content\/uploads\/2023\/08\/Establecer-la-vision-de-tu-area.mp3<\/a><\/audio>\r\n<p>&nbsp;<\/p>\r\n<h3>Un mal necesario.<\/h3>\r\n<p style=\"max-width: 600px;\"><img decoding=\"async\" class=\"wp-image-824 alignleft lazyload\" src=\"data:image\/gif;base64,R0lGODlhAQABAIAAAAAAAP\/\/\/yH5BAEAAAAALAAAAAABAAEAAAIBRAA7\" data-src=\"http:\/\/institutodiscere.com\/revista\/wp-content\/uploads\/2023\/08\/celular-300x300.jpg\" alt=\"\" width=\"355\" height=\"355\" \/><noscript><img decoding=\"async\" class=\"wp-image-824 alignleft lazyload\" src=\"http:\/\/institutodiscere.com\/revista\/wp-content\/uploads\/2023\/08\/celular-300x300.jpg\" alt=\"\" width=\"355\" height=\"355\" \/><\/noscript>We woke reasonably late following the feast and free flowing wine the night before. After gathering ourselves and our packs, we headed down to our homestay family\u2019s small dining room for breakfast.<\/p>\r\n\r\n\r\n\r\n<p style=\"max-width: 600px;\"><strong>Refreshingly, what was expected of her was the same thing that was expected of Lara Stone: to take a beautiful picture.<\/strong><\/p>\r\n\r\n\r\n\r\n<p style=\"max-width: 600px;\">We were making our way to the Rila Mountains, where we were visiting the Rila Monastery where we enjoyed scrambled eggs, toast, mekitsi, local jam and peppermint tea.<\/p>\r\n\r\n\r\n\r\n\r\n\r\n<h3 class=\"wp-block-heading\" style=\"max-width: 600px;\">We wandered the site with other tourists<\/h3>\r\n\r\n\r\n\r\n<p style=\"max-width: 600px;\">Yet strangely the place did not seem crowded. I\u2019m not sure if it was the sheer size of the place, or whether the masses congregated in one area and didn\u2019t venture far from the main church, but I didn\u2019t feel overwhelmed by tourists in the monastery.<\/p>\r\n\r\n\r\n\r\n\r\n\r\n<h3 style=\"max-width: 600px;\">\u00bfQu\u00e9 puedes hacer para mejorar la comunicaci\u00f3n en casa?<\/h3>\r\n\r\n\r\n\r\n<p style=\"max-width: 600px;\">I had low expectations about Sofia as a city, but after the walking tour I absolutely loved the place. This was an easy city to navigate, and it was a beautiful city \u2013 despite its ugly, staunch and stolid communist-built surrounds. Sofia has a very average facade as you enter the city, but once you lose yourself in the old town area, everything changes.<\/p>\r\n\r\n\r\n\r\n<p style=\"max-width: 600px;\">Clothes can transform your mood and confidence. Fashion moves so quickly that, unless you have a strong point of view, you can lose integrity. I like to be real. I don\u2019t like things to be staged or fussy. I think I\u2019d go mad if I didn\u2019t have a place to escape to. You have to stay true to your heritage, that\u2019s what your brand is about.<\/p>\r\n","protected":false},"excerpt":{"rendered":"<p>Un art\u00edculo valioso que debe estar siempre a la vista de tus lectores.<\/p>\n","protected":false},"author":1,"featured_media":915,"comment_status":"open","ping_status":"closed","sticky":false,"template":"","format":"standard","meta":{"_et_pb_use_builder":"","_et_pb_old_content":"","_et_gb_content_width":"","footnotes":""},"categories":[19],"tags":[],"class_list":["post-391","post","type-post","status-publish","format-standard","has-post-thumbnail","hentry","category-destacados"],"yoast_head":"<!-- This site is optimized with the Yoast SEO plugin v27.5 - https:\/\/yoast.com\/product\/yoast-seo-wordpress\/ -->\n<title>Los enemigos de la convivencia familiar - Revista Interna | Instituto Discere<\/title>\n<meta name=\"robots\" content=\"index, follow, max-snippet:-1, max-image-preview:large, max-video-preview:-1\" \/>\n<link rel=\"canonical\" href=\"http:\/\/institutodiscere.com\/revista\/los-enemigos-de-la-convivencia-familiar\/\" \/>\n<meta property=\"og:locale\" content=\"es_ES\" \/>\n<meta property=\"og:type\" content=\"article\" \/>\n<meta property=\"og:title\" content=\"Los enemigos de la convivencia familiar - Revista Interna | Instituto Discere\" \/>\n<meta property=\"og:description\" content=\"Un art\u00edculo valioso que debe estar siempre a la vista de tus lectores.\" \/>\n<meta property=\"og:url\" content=\"http:\/\/institutodiscere.com\/revista\/los-enemigos-de-la-convivencia-familiar\/\" \/>\n<meta property=\"og:site_name\" content=\"Revista Interna | Instituto Discere\" \/>\n<meta property=\"article:published_time\" content=\"2023-08-09T15:56:38+00:00\" \/>\n<meta property=\"article:modified_time\" content=\"2023-08-21T16:21:22+00:00\" \/>\n<meta property=\"og:image\" content=\"http:\/\/institutodiscere.com\/revista\/wp-content\/uploads\/2023\/08\/familia-celular.jpg\" \/>\n\t<meta property=\"og:image:width\" content=\"600\" \/>\n\t<meta property=\"og:image:height\" content=\"399\" \/>\n\t<meta property=\"og:image:type\" content=\"image\/jpeg\" \/>\n<meta name=\"author\" content=\"ramonpartida\" \/>\n<meta name=\"twitter:card\" content=\"summary_large_image\" \/>\n<meta name=\"twitter:label1\" content=\"Escrito por\" \/>\n\t<meta name=\"twitter:data1\" content=\"ramonpartida\" \/>\n\t<meta name=\"twitter:label2\" content=\"Tiempo de lectura\" \/>\n\t<meta name=\"twitter:data2\" content=\"2 minutos\" \/>\n<script type=\"application\/ld+json\" class=\"yoast-schema-graph\">{\"@context\":\"https:\\\/\\\/schema.org\",\"@graph\":[{\"@type\":\"Article\",\"@id\":\"http:\\\/\\\/institutodiscere.com\\\/revista\\\/los-enemigos-de-la-convivencia-familiar\\\/#article\",\"isPartOf\":{\"@id\":\"http:\\\/\\\/institutodiscere.com\\\/revista\\\/los-enemigos-de-la-convivencia-familiar\\\/\"},\"author\":{\"name\":\"ramonpartida\",\"@id\":\"https:\\\/\\\/institutodiscere.com\\\/revista\\\/#\\\/schema\\\/person\\\/c28d4da2cdeb0206f162fc4f0326dae9\"},\"headline\":\"Los enemigos de la convivencia familiar\",\"datePublished\":\"2023-08-09T15:56:38+00:00\",\"dateModified\":\"2023-08-21T16:21:22+00:00\",\"mainEntityOfPage\":{\"@id\":\"http:\\\/\\\/institutodiscere.com\\\/revista\\\/los-enemigos-de-la-convivencia-familiar\\\/\"},\"wordCount\":375,\"commentCount\":0,\"publisher\":{\"@id\":\"https:\\\/\\\/institutodiscere.com\\\/revista\\\/#organization\"},\"image\":{\"@id\":\"http:\\\/\\\/institutodiscere.com\\\/revista\\\/los-enemigos-de-la-convivencia-familiar\\\/#primaryimage\"},\"thumbnailUrl\":\"https:\\\/\\\/institutodiscere.com\\\/revista\\\/wp-content\\\/uploads\\\/2023\\\/08\\\/familia-celular.jpg\",\"articleSection\":[\"Destacados\"],\"inLanguage\":\"es\",\"potentialAction\":[{\"@type\":\"CommentAction\",\"name\":\"Comment\",\"target\":[\"http:\\\/\\\/institutodiscere.com\\\/revista\\\/los-enemigos-de-la-convivencia-familiar\\\/#respond\"]}]},{\"@type\":\"WebPage\",\"@id\":\"http:\\\/\\\/institutodiscere.com\\\/revista\\\/los-enemigos-de-la-convivencia-familiar\\\/\",\"url\":\"http:\\\/\\\/institutodiscere.com\\\/revista\\\/los-enemigos-de-la-convivencia-familiar\\\/\",\"name\":\"Los enemigos de la convivencia familiar - Revista Interna | Instituto Discere\",\"isPartOf\":{\"@id\":\"https:\\\/\\\/institutodiscere.com\\\/revista\\\/#website\"},\"primaryImageOfPage\":{\"@id\":\"http:\\\/\\\/institutodiscere.com\\\/revista\\\/los-enemigos-de-la-convivencia-familiar\\\/#primaryimage\"},\"image\":{\"@id\":\"http:\\\/\\\/institutodiscere.com\\\/revista\\\/los-enemigos-de-la-convivencia-familiar\\\/#primaryimage\"},\"thumbnailUrl\":\"https:\\\/\\\/institutodiscere.com\\\/revista\\\/wp-content\\\/uploads\\\/2023\\\/08\\\/familia-celular.jpg\",\"datePublished\":\"2023-08-09T15:56:38+00:00\",\"dateModified\":\"2023-08-21T16:21:22+00:00\",\"breadcrumb\":{\"@id\":\"http:\\\/\\\/institutodiscere.com\\\/revista\\\/los-enemigos-de-la-convivencia-familiar\\\/#breadcrumb\"},\"inLanguage\":\"es\",\"potentialAction\":[{\"@type\":\"ReadAction\",\"target\":[\"http:\\\/\\\/institutodiscere.com\\\/revista\\\/los-enemigos-de-la-convivencia-familiar\\\/\"]}]},{\"@type\":\"ImageObject\",\"inLanguage\":\"es\",\"@id\":\"http:\\\/\\\/institutodiscere.com\\\/revista\\\/los-enemigos-de-la-convivencia-familiar\\\/#primaryimage\",\"url\":\"https:\\\/\\\/institutodiscere.com\\\/revista\\\/wp-content\\\/uploads\\\/2023\\\/08\\\/familia-celular.jpg\",\"contentUrl\":\"https:\\\/\\\/institutodiscere.com\\\/revista\\\/wp-content\\\/uploads\\\/2023\\\/08\\\/familia-celular.jpg\",\"width\":600,\"height\":399},{\"@type\":\"BreadcrumbList\",\"@id\":\"http:\\\/\\\/institutodiscere.com\\\/revista\\\/los-enemigos-de-la-convivencia-familiar\\\/#breadcrumb\",\"itemListElement\":[{\"@type\":\"ListItem\",\"position\":1,\"name\":\"Portada\",\"item\":\"https:\\\/\\\/institutodiscere.com\\\/revista\\\/\"},{\"@type\":\"ListItem\",\"position\":2,\"name\":\"Los enemigos de la convivencia familiar\"}]},{\"@type\":\"WebSite\",\"@id\":\"https:\\\/\\\/institutodiscere.com\\\/revista\\\/#website\",\"url\":\"https:\\\/\\\/institutodiscere.com\\\/revista\\\/\",\"name\":\"Revista Interna | Instituto Discere\",\"description\":\"Ejemplo de una revista interna hecha para colaboradores de empresa.\",\"publisher\":{\"@id\":\"https:\\\/\\\/institutodiscere.com\\\/revista\\\/#organization\"},\"potentialAction\":[{\"@type\":\"SearchAction\",\"target\":{\"@type\":\"EntryPoint\",\"urlTemplate\":\"https:\\\/\\\/institutodiscere.com\\\/revista\\\/?s={search_term_string}\"},\"query-input\":{\"@type\":\"PropertyValueSpecification\",\"valueRequired\":true,\"valueName\":\"search_term_string\"}}],\"inLanguage\":\"es\"},{\"@type\":\"Organization\",\"@id\":\"https:\\\/\\\/institutodiscere.com\\\/revista\\\/#organization\",\"name\":\"Revista Interna | Instituto Discere\",\"url\":\"https:\\\/\\\/institutodiscere.com\\\/revista\\\/\",\"logo\":{\"@type\":\"ImageObject\",\"inLanguage\":\"es\",\"@id\":\"https:\\\/\\\/institutodiscere.com\\\/revista\\\/#\\\/schema\\\/logo\\\/image\\\/\",\"url\":\"https:\\\/\\\/institutodiscere.com\\\/revista\\\/wp-content\\\/uploads\\\/2023\\\/08\\\/favicon-1.png\",\"contentUrl\":\"https:\\\/\\\/institutodiscere.com\\\/revista\\\/wp-content\\\/uploads\\\/2023\\\/08\\\/favicon-1.png\",\"width\":512,\"height\":512,\"caption\":\"Revista Interna | Instituto Discere\"},\"image\":{\"@id\":\"https:\\\/\\\/institutodiscere.com\\\/revista\\\/#\\\/schema\\\/logo\\\/image\\\/\"}},{\"@type\":\"Person\",\"@id\":\"https:\\\/\\\/institutodiscere.com\\\/revista\\\/#\\\/schema\\\/person\\\/c28d4da2cdeb0206f162fc4f0326dae9\",\"name\":\"ramonpartida\",\"image\":{\"@type\":\"ImageObject\",\"inLanguage\":\"es\",\"@id\":\"https:\\\/\\\/secure.gravatar.com\\\/avatar\\\/afddb720bc182cabcda1cf67e0ffd2bc79510c1c7a6170c8c40eb9d4bcf05b44?s=96&d=mm&r=g\",\"url\":\"https:\\\/\\\/secure.gravatar.com\\\/avatar\\\/afddb720bc182cabcda1cf67e0ffd2bc79510c1c7a6170c8c40eb9d4bcf05b44?s=96&d=mm&r=g\",\"contentUrl\":\"https:\\\/\\\/secure.gravatar.com\\\/avatar\\\/afddb720bc182cabcda1cf67e0ffd2bc79510c1c7a6170c8c40eb9d4bcf05b44?s=96&d=mm&r=g\",\"caption\":\"ramonpartida\"},\"sameAs\":[\"http:\\\/\\\/institutodiscere.com\\\/revista\"],\"url\":\"https:\\\/\\\/institutodiscere.com\\\/revista\\\/author\\\/ramonpartida\\\/\"}]}<\/script>\n<!-- \/ Yoast SEO plugin. -->","yoast_head_json":{"title":"Los enemigos de la convivencia familiar - Revista Interna | Instituto Discere","robots":{"index":"index","follow":"follow","max-snippet":"max-snippet:-1","max-image-preview":"max-image-preview:large","max-video-preview":"max-video-preview:-1"},"canonical":"http:\/\/institutodiscere.com\/revista\/los-enemigos-de-la-convivencia-familiar\/","og_locale":"es_ES","og_type":"article","og_title":"Los enemigos de la convivencia familiar - Revista Interna | Instituto Discere","og_description":"Un art\u00edculo valioso que debe estar siempre a la vista de tus lectores.","og_url":"http:\/\/institutodiscere.com\/revista\/los-enemigos-de-la-convivencia-familiar\/","og_site_name":"Revista Interna | Instituto Discere","article_published_time":"2023-08-09T15:56:38+00:00","article_modified_time":"2023-08-21T16:21:22+00:00","og_image":[{"width":600,"height":399,"url":"http:\/\/institutodiscere.com\/revista\/wp-content\/uploads\/2023\/08\/familia-celular.jpg","type":"image\/jpeg"}],"author":"ramonpartida","twitter_card":"summary_large_image","twitter_misc":{"Escrito por":"ramonpartida","Tiempo de lectura":"2 minutos"},"schema":{"@context":"https:\/\/schema.org","@graph":[{"@type":"Article","@id":"http:\/\/institutodiscere.com\/revista\/los-enemigos-de-la-convivencia-familiar\/#article","isPartOf":{"@id":"http:\/\/institutodiscere.com\/revista\/los-enemigos-de-la-convivencia-familiar\/"},"author":{"name":"ramonpartida","@id":"https:\/\/institutodiscere.com\/revista\/#\/schema\/person\/c28d4da2cdeb0206f162fc4f0326dae9"},"headline":"Los enemigos de la convivencia familiar","datePublished":"2023-08-09T15:56:38+00:00","dateModified":"2023-08-21T16:21:22+00:00","mainEntityOfPage":{"@id":"http:\/\/institutodiscere.com\/revista\/los-enemigos-de-la-convivencia-familiar\/"},"wordCount":375,"commentCount":0,"publisher":{"@id":"https:\/\/institutodiscere.com\/revista\/#organization"},"image":{"@id":"http:\/\/institutodiscere.com\/revista\/los-enemigos-de-la-convivencia-familiar\/#primaryimage"},"thumbnailUrl":"https:\/\/institutodiscere.com\/revista\/wp-content\/uploads\/2023\/08\/familia-celular.jpg","articleSection":["Destacados"],"inLanguage":"es","potentialAction":[{"@type":"CommentAction","name":"Comment","target":["http:\/\/institutodiscere.com\/revista\/los-enemigos-de-la-convivencia-familiar\/#respond"]}]},{"@type":"WebPage","@id":"http:\/\/institutodiscere.com\/revista\/los-enemigos-de-la-convivencia-familiar\/","url":"http:\/\/institutodiscere.com\/revista\/los-enemigos-de-la-convivencia-familiar\/","name":"Los enemigos de la convivencia familiar - Revista Interna | Instituto Discere","isPartOf":{"@id":"https:\/\/institutodiscere.com\/revista\/#website"},"primaryImageOfPage":{"@id":"http:\/\/institutodiscere.com\/revista\/los-enemigos-de-la-convivencia-familiar\/#primaryimage"},"image":{"@id":"http:\/\/institutodiscere.com\/revista\/los-enemigos-de-la-convivencia-familiar\/#primaryimage"},"thumbnailUrl":"https:\/\/institutodiscere.com\/revista\/wp-content\/uploads\/2023\/08\/familia-celular.jpg","datePublished":"2023-08-09T15:56:38+00:00","dateModified":"2023-08-21T16:21:22+00:00","breadcrumb":{"@id":"http:\/\/institutodiscere.com\/revista\/los-enemigos-de-la-convivencia-familiar\/#breadcrumb"},"inLanguage":"es","potentialAction":[{"@type":"ReadAction","target":["http:\/\/institutodiscere.com\/revista\/los-enemigos-de-la-convivencia-familiar\/"]}]},{"@type":"ImageObject","inLanguage":"es","@id":"http:\/\/institutodiscere.com\/revista\/los-enemigos-de-la-convivencia-familiar\/#primaryimage","url":"https:\/\/institutodiscere.com\/revista\/wp-content\/uploads\/2023\/08\/familia-celular.jpg","contentUrl":"https:\/\/institutodiscere.com\/revista\/wp-content\/uploads\/2023\/08\/familia-celular.jpg","width":600,"height":399},{"@type":"BreadcrumbList","@id":"http:\/\/institutodiscere.com\/revista\/los-enemigos-de-la-convivencia-familiar\/#breadcrumb","itemListElement":[{"@type":"ListItem","position":1,"name":"Portada","item":"https:\/\/institutodiscere.com\/revista\/"},{"@type":"ListItem","position":2,"name":"Los enemigos de la convivencia familiar"}]},{"@type":"WebSite","@id":"https:\/\/institutodiscere.com\/revista\/#website","url":"https:\/\/institutodiscere.com\/revista\/","name":"Revista Interna | Instituto Discere","description":"Ejemplo de una revista interna hecha para colaboradores de empresa.","publisher":{"@id":"https:\/\/institutodiscere.com\/revista\/#organization"},"potentialAction":[{"@type":"SearchAction","target":{"@type":"EntryPoint","urlTemplate":"https:\/\/institutodiscere.com\/revista\/?s={search_term_string}"},"query-input":{"@type":"PropertyValueSpecification","valueRequired":true,"valueName":"search_term_string"}}],"inLanguage":"es"},{"@type":"Organization","@id":"https:\/\/institutodiscere.com\/revista\/#organization","name":"Revista Interna | Instituto Discere","url":"https:\/\/institutodiscere.com\/revista\/","logo":{"@type":"ImageObject","inLanguage":"es","@id":"https:\/\/institutodiscere.com\/revista\/#\/schema\/logo\/image\/","url":"https:\/\/institutodiscere.com\/revista\/wp-content\/uploads\/2023\/08\/favicon-1.png","contentUrl":"https:\/\/institutodiscere.com\/revista\/wp-content\/uploads\/2023\/08\/favicon-1.png","width":512,"height":512,"caption":"Revista Interna | Instituto Discere"},"image":{"@id":"https:\/\/institutodiscere.com\/revista\/#\/schema\/logo\/image\/"}},{"@type":"Person","@id":"https:\/\/institutodiscere.com\/revista\/#\/schema\/person\/c28d4da2cdeb0206f162fc4f0326dae9","name":"ramonpartida","image":{"@type":"ImageObject","inLanguage":"es","@id":"https:\/\/secure.gravatar.com\/avatar\/afddb720bc182cabcda1cf67e0ffd2bc79510c1c7a6170c8c40eb9d4bcf05b44?s=96&d=mm&r=g","url":"https:\/\/secure.gravatar.com\/avatar\/afddb720bc182cabcda1cf67e0ffd2bc79510c1c7a6170c8c40eb9d4bcf05b44?s=96&d=mm&r=g","contentUrl":"https:\/\/secure.gravatar.com\/avatar\/afddb720bc182cabcda1cf67e0ffd2bc79510c1c7a6170c8c40eb9d4bcf05b44?s=96&d=mm&r=g","caption":"ramonpartida"},"sameAs":["http:\/\/institutodiscere.com\/revista"],"url":"https:\/\/institutodiscere.com\/revista\/author\/ramonpartida\/"}]}},"_links":{"self":[{"href":"https:\/\/institutodiscere.com\/revista\/wp-json\/wp\/v2\/posts\/391","targetHints":{"allow":["GET"]}}],"collection":[{"href":"https:\/\/institutodiscere.com\/revista\/wp-json\/wp\/v2\/posts"}],"about":[{"href":"https:\/\/institutodiscere.com\/revista\/wp-json\/wp\/v2\/types\/post"}],"author":[{"embeddable":true,"href":"https:\/\/institutodiscere.com\/revista\/wp-json\/wp\/v2\/users\/1"}],"replies":[{"embeddable":true,"href":"https:\/\/institutodiscere.com\/revista\/wp-json\/wp\/v2\/comments?post=391"}],"version-history":[{"count":3,"href":"https:\/\/institutodiscere.com\/revista\/wp-json\/wp\/v2\/posts\/391\/revisions"}],"predecessor-version":[{"id":916,"href":"https:\/\/institutodiscere.com\/revista\/wp-json\/wp\/v2\/posts\/391\/revisions\/916"}],"wp:featuredmedia":[{"embeddable":true,"href":"https:\/\/institutodiscere.com\/revista\/wp-json\/wp\/v2\/media\/915"}],"wp:attachment":[{"href":"https:\/\/institutodiscere.com\/revista\/wp-json\/wp\/v2\/media?parent=391"}],"wp:term":[{"taxonomy":"category","embeddable":true,"href":"https:\/\/institutodiscere.com\/revista\/wp-json\/wp\/v2\/categories?post=391"},{"taxonomy":"post_tag","embeddable":true,"href":"https:\/\/institutodiscere.com\/revista\/wp-json\/wp\/v2\/tags?post=391"}],"curies":[{"name":"wp","href":"https:\/\/api.w.org\/{rel}","templated":true}]}}