{"id":315,"date":"2023-08-09T15:56:38","date_gmt":"2023-08-09T15:56:38","guid":{"rendered":"http:\/\/tdi_30_26b"},"modified":"2023-08-21T16:12:42","modified_gmt":"2023-08-21T16:12:42","slug":"cuando-el-tiempo-no-nos-alcanza","status":"publish","type":"post","link":"https:\/\/institutodiscere.com\/revista\/cuando-el-tiempo-no-nos-alcanza\/","title":{"rendered":"Cuando el tiempo no nos alcanza"},"content":{"rendered":"\r\n<blockquote>\r\n<p>Estamos todo el tiempo apurados porque parece ser que nuestras actividades, una tras otra, domina nuestro poco tiempo disponible&#8230; pero \u00bfrealmente t\u00fa administras tu tiempo o tu reloj domina tu vida?<\/p>\r\n<p>Elige sabiamente tus actividades.<\/p>\r\n<\/blockquote>\r\n<p><span style=\"color: #0000ff;\"><em>Escucha el art\u00edculo aqu\u00ed:<\/em><\/span><\/p>\r\n<audio class=\"wp-audio-shortcode\" id=\"audio-315-1\" preload=\"none\" style=\"width: 100%;\" controls=\"controls\"><source type=\"audio\/mpeg\" src=\"http:\/\/institutodiscere.com\/revista\/wp-content\/uploads\/2023\/08\/Establecer-la-vision-de-tu-area.mp3?_=1\" \/><a href=\"http:\/\/institutodiscere.com\/revista\/wp-content\/uploads\/2023\/08\/Establecer-la-vision-de-tu-area.mp3\">http:\/\/institutodiscere.com\/revista\/wp-content\/uploads\/2023\/08\/Establecer-la-vision-de-tu-area.mp3<\/a><\/audio>\r\n<p>&nbsp;<\/p>\r\n<h3>\u00bfQu\u00e9 har\u00edas en tu tiempo libre?<\/h3>\r\n<p style=\"max-width: 600px;\">We woke reasonably late following the feast and free flowing wine the night before. After gathering ourselves and our packs, we headed down to our homestay family\u2019s small dining room for breakfast.<\/p>\r\n\r\n\r\n\r\n<p style=\"max-width: 600px;\"><strong><img decoding=\"async\" class=\"wp-image-912 alignleft lazyload\" src=\"data:image\/gif;base64,R0lGODlhAQABAIAAAAAAAP\/\/\/yH5BAEAAAAALAAAAAABAAEAAAIBRAA7\" data-src=\"http:\/\/institutodiscere.com\/revista\/wp-content\/uploads\/2023\/08\/mirando-la-TV-300x200.jpg\" alt=\"\" width=\"414\" height=\"276\" \/><noscript><img decoding=\"async\" class=\"wp-image-912 alignleft lazyload\" src=\"http:\/\/institutodiscere.com\/revista\/wp-content\/uploads\/2023\/08\/mirando-la-TV-300x200.jpg\" alt=\"\" width=\"414\" height=\"276\" \/><\/noscript>Refreshingly, what was expected of her was the same thing that was expected of Lara Stone: to take a beautiful picture.<\/strong><\/p>\r\n\r\n\r\n\r\n<p style=\"max-width: 600px;\">We were making our way to the Rila Mountains, where we were visiting the Rila Monastery where we enjoyed scrambled eggs, toast, mekitsi, local jam and peppermint tea.<\/p>\r\n\r\n\r\n\r\n<h3 class=\"wp-block-heading\" style=\"max-width: 600px;\">\u00bfRealmente vale la pena ese tiempo disponible?<\/h3>\r\n\r\n\r\n\r\n<p style=\"max-width: 600px;\">Yet strangely the place did not seem crowded. I\u2019m not sure if it was the sheer size of the place, or whether the masses congregated in one area and didn\u2019t venture far from the main church, but I didn\u2019t feel overwhelmed by tourists in the monastery.<\/p>\r\n\r\n\r\n\r\n\r\n\r\n<p style=\"max-width: 600px;\">Headed over Lions Bridge and made our way to the Sofia Synagogue, then sheltered in the Central Market Hall until the recurrent (but short-lived) mid-afternoon rain passed.<\/p>\r\n\r\n\r\n\r\n<p style=\"max-width: 600px;\">Feeling refreshed after an espresso, we walked a short distance to the small but welcoming Banya Bashi Mosque, then descended into the ancient Serdica complex.<\/p>\r\n\r\n\r\n\r\n<h3 style=\"max-width: 600px;\">\u00bfCu\u00e1l de estas actividades consideras que te dar\u00eda mayor equilibrio emocional?<\/h3>\r\n\r\n\r\n\r\n<ul>\r\n<li style=\"max-width: 600px;\">I had low expectations about Sofia as a city, but after the walking tour I absolutely loved the place. This was an easy city to navigate.<\/li>\r\n<li style=\"max-width: 600px;\">And it was a beautiful city \u2013 despite its ugly, staunch and stolid communist-built surrounds.<\/li>\r\n<li style=\"max-width: 600px;\">Sofia has a very average facade as you enter the city, but once you lose yourself in the old town area, everything changes.<\/li>\r\n<li>\r\n\r\nClothes can transform your mood and confidence.<\/li>\r\n<li style=\"max-width: 600px;\">Fashion moves so quickly that, unless you have a strong point of view, you can lose integrity.<\/li>\r\n<\/ul>\r\n<h3 style=\"max-width: 600px;\">Conclusi\u00f3n:<\/h3>\r\n<p><strong>Est\u00e1 en tus manos administrar tu tiempo, pero debes definir qu\u00e9 hacer con \u00e9l para evitar engancharte con actividades que no te proporcionar\u00e1n mayor calidad de vida.<\/strong><\/p>\r\n","protected":false},"excerpt":{"rendered":"<p>Este es otro art\u00edculo muy valioso que deber\u00eda estar permanentemente en todas las revistas internas.<\/p>\n","protected":false},"author":1,"featured_media":911,"comment_status":"open","ping_status":"closed","sticky":false,"template":"","format":"standard","meta":{"_et_pb_use_builder":"","_et_pb_old_content":"","_et_gb_content_width":"","footnotes":""},"categories":[19],"tags":[],"class_list":["post-315","post","type-post","status-publish","format-standard","has-post-thumbnail","hentry","category-destacados"],"yoast_head":"<!-- This site is optimized with the Yoast SEO plugin v27.5 - https:\/\/yoast.com\/product\/yoast-seo-wordpress\/ -->\n<title>Cuando el tiempo no nos alcanza - Revista Interna | Instituto Discere<\/title>\n<meta name=\"robots\" content=\"index, follow, max-snippet:-1, max-image-preview:large, max-video-preview:-1\" \/>\n<link rel=\"canonical\" href=\"https:\/\/institutodiscere.com\/revista\/cuando-el-tiempo-no-nos-alcanza\/\" \/>\n<meta property=\"og:locale\" content=\"es_ES\" \/>\n<meta property=\"og:type\" content=\"article\" \/>\n<meta property=\"og:title\" content=\"Cuando el tiempo no nos alcanza - Revista Interna | Instituto Discere\" \/>\n<meta property=\"og:description\" content=\"Este es otro art\u00edculo muy valioso que deber\u00eda estar permanentemente en todas las revistas internas.\" \/>\n<meta property=\"og:url\" content=\"https:\/\/institutodiscere.com\/revista\/cuando-el-tiempo-no-nos-alcanza\/\" \/>\n<meta property=\"og:site_name\" content=\"Revista Interna | Instituto Discere\" \/>\n<meta property=\"article:published_time\" content=\"2023-08-09T15:56:38+00:00\" \/>\n<meta property=\"article:modified_time\" content=\"2023-08-21T16:12:42+00:00\" \/>\n<meta property=\"og:image\" content=\"https:\/\/institutodiscere.com\/revista\/wp-content\/uploads\/2023\/08\/tiempo.jpg\" \/>\n\t<meta property=\"og:image:width\" content=\"600\" \/>\n\t<meta property=\"og:image:height\" content=\"394\" \/>\n\t<meta property=\"og:image:type\" content=\"image\/jpeg\" \/>\n<meta name=\"author\" content=\"ramonpartida\" \/>\n<meta name=\"twitter:card\" content=\"summary_large_image\" \/>\n<meta name=\"twitter:label1\" content=\"Escrito por\" \/>\n\t<meta name=\"twitter:data1\" content=\"ramonpartida\" \/>\n\t<meta name=\"twitter:label2\" content=\"Tiempo de lectura\" \/>\n\t<meta name=\"twitter:data2\" content=\"2 minutos\" \/>\n<script type=\"application\/ld+json\" class=\"yoast-schema-graph\">{\"@context\":\"https:\\\/\\\/schema.org\",\"@graph\":[{\"@type\":\"Article\",\"@id\":\"https:\\\/\\\/institutodiscere.com\\\/revista\\\/cuando-el-tiempo-no-nos-alcanza\\\/#article\",\"isPartOf\":{\"@id\":\"https:\\\/\\\/institutodiscere.com\\\/revista\\\/cuando-el-tiempo-no-nos-alcanza\\\/\"},\"author\":{\"name\":\"ramonpartida\",\"@id\":\"https:\\\/\\\/institutodiscere.com\\\/revista\\\/#\\\/schema\\\/person\\\/c28d4da2cdeb0206f162fc4f0326dae9\"},\"headline\":\"Cuando el tiempo no nos alcanza\",\"datePublished\":\"2023-08-09T15:56:38+00:00\",\"dateModified\":\"2023-08-21T16:12:42+00:00\",\"mainEntityOfPage\":{\"@id\":\"https:\\\/\\\/institutodiscere.com\\\/revista\\\/cuando-el-tiempo-no-nos-alcanza\\\/\"},\"wordCount\":385,\"commentCount\":0,\"publisher\":{\"@id\":\"https:\\\/\\\/institutodiscere.com\\\/revista\\\/#organization\"},\"image\":{\"@id\":\"https:\\\/\\\/institutodiscere.com\\\/revista\\\/cuando-el-tiempo-no-nos-alcanza\\\/#primaryimage\"},\"thumbnailUrl\":\"https:\\\/\\\/institutodiscere.com\\\/revista\\\/wp-content\\\/uploads\\\/2023\\\/08\\\/tiempo.jpg\",\"articleSection\":[\"Destacados\"],\"inLanguage\":\"es\",\"potentialAction\":[{\"@type\":\"CommentAction\",\"name\":\"Comment\",\"target\":[\"https:\\\/\\\/institutodiscere.com\\\/revista\\\/cuando-el-tiempo-no-nos-alcanza\\\/#respond\"]}]},{\"@type\":\"WebPage\",\"@id\":\"https:\\\/\\\/institutodiscere.com\\\/revista\\\/cuando-el-tiempo-no-nos-alcanza\\\/\",\"url\":\"https:\\\/\\\/institutodiscere.com\\\/revista\\\/cuando-el-tiempo-no-nos-alcanza\\\/\",\"name\":\"Cuando el tiempo no nos alcanza - Revista Interna | Instituto Discere\",\"isPartOf\":{\"@id\":\"https:\\\/\\\/institutodiscere.com\\\/revista\\\/#website\"},\"primaryImageOfPage\":{\"@id\":\"https:\\\/\\\/institutodiscere.com\\\/revista\\\/cuando-el-tiempo-no-nos-alcanza\\\/#primaryimage\"},\"image\":{\"@id\":\"https:\\\/\\\/institutodiscere.com\\\/revista\\\/cuando-el-tiempo-no-nos-alcanza\\\/#primaryimage\"},\"thumbnailUrl\":\"https:\\\/\\\/institutodiscere.com\\\/revista\\\/wp-content\\\/uploads\\\/2023\\\/08\\\/tiempo.jpg\",\"datePublished\":\"2023-08-09T15:56:38+00:00\",\"dateModified\":\"2023-08-21T16:12:42+00:00\",\"breadcrumb\":{\"@id\":\"https:\\\/\\\/institutodiscere.com\\\/revista\\\/cuando-el-tiempo-no-nos-alcanza\\\/#breadcrumb\"},\"inLanguage\":\"es\",\"potentialAction\":[{\"@type\":\"ReadAction\",\"target\":[\"https:\\\/\\\/institutodiscere.com\\\/revista\\\/cuando-el-tiempo-no-nos-alcanza\\\/\"]}]},{\"@type\":\"ImageObject\",\"inLanguage\":\"es\",\"@id\":\"https:\\\/\\\/institutodiscere.com\\\/revista\\\/cuando-el-tiempo-no-nos-alcanza\\\/#primaryimage\",\"url\":\"https:\\\/\\\/institutodiscere.com\\\/revista\\\/wp-content\\\/uploads\\\/2023\\\/08\\\/tiempo.jpg\",\"contentUrl\":\"https:\\\/\\\/institutodiscere.com\\\/revista\\\/wp-content\\\/uploads\\\/2023\\\/08\\\/tiempo.jpg\",\"width\":600,\"height\":394},{\"@type\":\"BreadcrumbList\",\"@id\":\"https:\\\/\\\/institutodiscere.com\\\/revista\\\/cuando-el-tiempo-no-nos-alcanza\\\/#breadcrumb\",\"itemListElement\":[{\"@type\":\"ListItem\",\"position\":1,\"name\":\"Portada\",\"item\":\"https:\\\/\\\/institutodiscere.com\\\/revista\\\/\"},{\"@type\":\"ListItem\",\"position\":2,\"name\":\"Cuando el tiempo no nos alcanza\"}]},{\"@type\":\"WebSite\",\"@id\":\"https:\\\/\\\/institutodiscere.com\\\/revista\\\/#website\",\"url\":\"https:\\\/\\\/institutodiscere.com\\\/revista\\\/\",\"name\":\"Revista Interna | Instituto Discere\",\"description\":\"Ejemplo de una revista interna hecha para colaboradores de empresa.\",\"publisher\":{\"@id\":\"https:\\\/\\\/institutodiscere.com\\\/revista\\\/#organization\"},\"potentialAction\":[{\"@type\":\"SearchAction\",\"target\":{\"@type\":\"EntryPoint\",\"urlTemplate\":\"https:\\\/\\\/institutodiscere.com\\\/revista\\\/?s={search_term_string}\"},\"query-input\":{\"@type\":\"PropertyValueSpecification\",\"valueRequired\":true,\"valueName\":\"search_term_string\"}}],\"inLanguage\":\"es\"},{\"@type\":\"Organization\",\"@id\":\"https:\\\/\\\/institutodiscere.com\\\/revista\\\/#organization\",\"name\":\"Revista Interna | Instituto Discere\",\"url\":\"https:\\\/\\\/institutodiscere.com\\\/revista\\\/\",\"logo\":{\"@type\":\"ImageObject\",\"inLanguage\":\"es\",\"@id\":\"https:\\\/\\\/institutodiscere.com\\\/revista\\\/#\\\/schema\\\/logo\\\/image\\\/\",\"url\":\"https:\\\/\\\/institutodiscere.com\\\/revista\\\/wp-content\\\/uploads\\\/2023\\\/08\\\/favicon-1.png\",\"contentUrl\":\"https:\\\/\\\/institutodiscere.com\\\/revista\\\/wp-content\\\/uploads\\\/2023\\\/08\\\/favicon-1.png\",\"width\":512,\"height\":512,\"caption\":\"Revista Interna | Instituto Discere\"},\"image\":{\"@id\":\"https:\\\/\\\/institutodiscere.com\\\/revista\\\/#\\\/schema\\\/logo\\\/image\\\/\"}},{\"@type\":\"Person\",\"@id\":\"https:\\\/\\\/institutodiscere.com\\\/revista\\\/#\\\/schema\\\/person\\\/c28d4da2cdeb0206f162fc4f0326dae9\",\"name\":\"ramonpartida\",\"image\":{\"@type\":\"ImageObject\",\"inLanguage\":\"es\",\"@id\":\"https:\\\/\\\/secure.gravatar.com\\\/avatar\\\/afddb720bc182cabcda1cf67e0ffd2bc79510c1c7a6170c8c40eb9d4bcf05b44?s=96&d=mm&r=g\",\"url\":\"https:\\\/\\\/secure.gravatar.com\\\/avatar\\\/afddb720bc182cabcda1cf67e0ffd2bc79510c1c7a6170c8c40eb9d4bcf05b44?s=96&d=mm&r=g\",\"contentUrl\":\"https:\\\/\\\/secure.gravatar.com\\\/avatar\\\/afddb720bc182cabcda1cf67e0ffd2bc79510c1c7a6170c8c40eb9d4bcf05b44?s=96&d=mm&r=g\",\"caption\":\"ramonpartida\"},\"sameAs\":[\"http:\\\/\\\/institutodiscere.com\\\/revista\"],\"url\":\"https:\\\/\\\/institutodiscere.com\\\/revista\\\/author\\\/ramonpartida\\\/\"}]}<\/script>\n<!-- \/ Yoast SEO plugin. -->","yoast_head_json":{"title":"Cuando el tiempo no nos alcanza - Revista Interna | Instituto Discere","robots":{"index":"index","follow":"follow","max-snippet":"max-snippet:-1","max-image-preview":"max-image-preview:large","max-video-preview":"max-video-preview:-1"},"canonical":"https:\/\/institutodiscere.com\/revista\/cuando-el-tiempo-no-nos-alcanza\/","og_locale":"es_ES","og_type":"article","og_title":"Cuando el tiempo no nos alcanza - Revista Interna | Instituto Discere","og_description":"Este es otro art\u00edculo muy valioso que deber\u00eda estar permanentemente en todas las revistas internas.","og_url":"https:\/\/institutodiscere.com\/revista\/cuando-el-tiempo-no-nos-alcanza\/","og_site_name":"Revista Interna | Instituto Discere","article_published_time":"2023-08-09T15:56:38+00:00","article_modified_time":"2023-08-21T16:12:42+00:00","og_image":[{"width":600,"height":394,"url":"https:\/\/institutodiscere.com\/revista\/wp-content\/uploads\/2023\/08\/tiempo.jpg","type":"image\/jpeg"}],"author":"ramonpartida","twitter_card":"summary_large_image","twitter_misc":{"Escrito por":"ramonpartida","Tiempo de lectura":"2 minutos"},"schema":{"@context":"https:\/\/schema.org","@graph":[{"@type":"Article","@id":"https:\/\/institutodiscere.com\/revista\/cuando-el-tiempo-no-nos-alcanza\/#article","isPartOf":{"@id":"https:\/\/institutodiscere.com\/revista\/cuando-el-tiempo-no-nos-alcanza\/"},"author":{"name":"ramonpartida","@id":"https:\/\/institutodiscere.com\/revista\/#\/schema\/person\/c28d4da2cdeb0206f162fc4f0326dae9"},"headline":"Cuando el tiempo no nos alcanza","datePublished":"2023-08-09T15:56:38+00:00","dateModified":"2023-08-21T16:12:42+00:00","mainEntityOfPage":{"@id":"https:\/\/institutodiscere.com\/revista\/cuando-el-tiempo-no-nos-alcanza\/"},"wordCount":385,"commentCount":0,"publisher":{"@id":"https:\/\/institutodiscere.com\/revista\/#organization"},"image":{"@id":"https:\/\/institutodiscere.com\/revista\/cuando-el-tiempo-no-nos-alcanza\/#primaryimage"},"thumbnailUrl":"https:\/\/institutodiscere.com\/revista\/wp-content\/uploads\/2023\/08\/tiempo.jpg","articleSection":["Destacados"],"inLanguage":"es","potentialAction":[{"@type":"CommentAction","name":"Comment","target":["https:\/\/institutodiscere.com\/revista\/cuando-el-tiempo-no-nos-alcanza\/#respond"]}]},{"@type":"WebPage","@id":"https:\/\/institutodiscere.com\/revista\/cuando-el-tiempo-no-nos-alcanza\/","url":"https:\/\/institutodiscere.com\/revista\/cuando-el-tiempo-no-nos-alcanza\/","name":"Cuando el tiempo no nos alcanza - Revista Interna | Instituto Discere","isPartOf":{"@id":"https:\/\/institutodiscere.com\/revista\/#website"},"primaryImageOfPage":{"@id":"https:\/\/institutodiscere.com\/revista\/cuando-el-tiempo-no-nos-alcanza\/#primaryimage"},"image":{"@id":"https:\/\/institutodiscere.com\/revista\/cuando-el-tiempo-no-nos-alcanza\/#primaryimage"},"thumbnailUrl":"https:\/\/institutodiscere.com\/revista\/wp-content\/uploads\/2023\/08\/tiempo.jpg","datePublished":"2023-08-09T15:56:38+00:00","dateModified":"2023-08-21T16:12:42+00:00","breadcrumb":{"@id":"https:\/\/institutodiscere.com\/revista\/cuando-el-tiempo-no-nos-alcanza\/#breadcrumb"},"inLanguage":"es","potentialAction":[{"@type":"ReadAction","target":["https:\/\/institutodiscere.com\/revista\/cuando-el-tiempo-no-nos-alcanza\/"]}]},{"@type":"ImageObject","inLanguage":"es","@id":"https:\/\/institutodiscere.com\/revista\/cuando-el-tiempo-no-nos-alcanza\/#primaryimage","url":"https:\/\/institutodiscere.com\/revista\/wp-content\/uploads\/2023\/08\/tiempo.jpg","contentUrl":"https:\/\/institutodiscere.com\/revista\/wp-content\/uploads\/2023\/08\/tiempo.jpg","width":600,"height":394},{"@type":"BreadcrumbList","@id":"https:\/\/institutodiscere.com\/revista\/cuando-el-tiempo-no-nos-alcanza\/#breadcrumb","itemListElement":[{"@type":"ListItem","position":1,"name":"Portada","item":"https:\/\/institutodiscere.com\/revista\/"},{"@type":"ListItem","position":2,"name":"Cuando el tiempo no nos alcanza"}]},{"@type":"WebSite","@id":"https:\/\/institutodiscere.com\/revista\/#website","url":"https:\/\/institutodiscere.com\/revista\/","name":"Revista Interna | Instituto Discere","description":"Ejemplo de una revista interna hecha para colaboradores de empresa.","publisher":{"@id":"https:\/\/institutodiscere.com\/revista\/#organization"},"potentialAction":[{"@type":"SearchAction","target":{"@type":"EntryPoint","urlTemplate":"https:\/\/institutodiscere.com\/revista\/?s={search_term_string}"},"query-input":{"@type":"PropertyValueSpecification","valueRequired":true,"valueName":"search_term_string"}}],"inLanguage":"es"},{"@type":"Organization","@id":"https:\/\/institutodiscere.com\/revista\/#organization","name":"Revista Interna | Instituto Discere","url":"https:\/\/institutodiscere.com\/revista\/","logo":{"@type":"ImageObject","inLanguage":"es","@id":"https:\/\/institutodiscere.com\/revista\/#\/schema\/logo\/image\/","url":"https:\/\/institutodiscere.com\/revista\/wp-content\/uploads\/2023\/08\/favicon-1.png","contentUrl":"https:\/\/institutodiscere.com\/revista\/wp-content\/uploads\/2023\/08\/favicon-1.png","width":512,"height":512,"caption":"Revista Interna | Instituto Discere"},"image":{"@id":"https:\/\/institutodiscere.com\/revista\/#\/schema\/logo\/image\/"}},{"@type":"Person","@id":"https:\/\/institutodiscere.com\/revista\/#\/schema\/person\/c28d4da2cdeb0206f162fc4f0326dae9","name":"ramonpartida","image":{"@type":"ImageObject","inLanguage":"es","@id":"https:\/\/secure.gravatar.com\/avatar\/afddb720bc182cabcda1cf67e0ffd2bc79510c1c7a6170c8c40eb9d4bcf05b44?s=96&d=mm&r=g","url":"https:\/\/secure.gravatar.com\/avatar\/afddb720bc182cabcda1cf67e0ffd2bc79510c1c7a6170c8c40eb9d4bcf05b44?s=96&d=mm&r=g","contentUrl":"https:\/\/secure.gravatar.com\/avatar\/afddb720bc182cabcda1cf67e0ffd2bc79510c1c7a6170c8c40eb9d4bcf05b44?s=96&d=mm&r=g","caption":"ramonpartida"},"sameAs":["http:\/\/institutodiscere.com\/revista"],"url":"https:\/\/institutodiscere.com\/revista\/author\/ramonpartida\/"}]}},"_links":{"self":[{"href":"https:\/\/institutodiscere.com\/revista\/wp-json\/wp\/v2\/posts\/315","targetHints":{"allow":["GET"]}}],"collection":[{"href":"https:\/\/institutodiscere.com\/revista\/wp-json\/wp\/v2\/posts"}],"about":[{"href":"https:\/\/institutodiscere.com\/revista\/wp-json\/wp\/v2\/types\/post"}],"author":[{"embeddable":true,"href":"https:\/\/institutodiscere.com\/revista\/wp-json\/wp\/v2\/users\/1"}],"replies":[{"embeddable":true,"href":"https:\/\/institutodiscere.com\/revista\/wp-json\/wp\/v2\/comments?post=315"}],"version-history":[{"count":4,"href":"https:\/\/institutodiscere.com\/revista\/wp-json\/wp\/v2\/posts\/315\/revisions"}],"predecessor-version":[{"id":913,"href":"https:\/\/institutodiscere.com\/revista\/wp-json\/wp\/v2\/posts\/315\/revisions\/913"}],"wp:featuredmedia":[{"embeddable":true,"href":"https:\/\/institutodiscere.com\/revista\/wp-json\/wp\/v2\/media\/911"}],"wp:attachment":[{"href":"https:\/\/institutodiscere.com\/revista\/wp-json\/wp\/v2\/media?parent=315"}],"wp:term":[{"taxonomy":"category","embeddable":true,"href":"https:\/\/institutodiscere.com\/revista\/wp-json\/wp\/v2\/categories?post=315"},{"taxonomy":"post_tag","embeddable":true,"href":"https:\/\/institutodiscere.com\/revista\/wp-json\/wp\/v2\/tags?post=315"}],"curies":[{"name":"wp","href":"https:\/\/api.w.org\/{rel}","templated":true}]}}