{"id":220,"date":"2023-08-08T16:37:45","date_gmt":"2023-08-08T16:37:45","guid":{"rendered":"http:\/\/institutodiscere.com\/revista\/?p=220"},"modified":"2023-08-08T16:49:43","modified_gmt":"2023-08-08T16:49:43","slug":"lo-que-dicen-de-nuestra-atencion-en-tiendas","status":"publish","type":"post","link":"https:\/\/institutodiscere.com\/revista\/lo-que-dicen-de-nuestra-atencion-en-tiendas\/","title":{"rendered":"Lo que dicen de nuestra atenci\u00f3n en tiendas"},"content":{"rendered":"\n<p><\/p>\n\n\n\n<p>Comentarios del cliente final que servir\u00e1n para llamar la atenci\u00f3n, motivar y dar sentido a la contribuci\u00f3n de cada persona en la empresa para satisfacer al cliente.<\/p>\n\n\n\n<p>El \u00e1rea de servicio al cliente<\/p>\n\n\n<h3>Los tres de los mejores comentarios:<\/h3>\n<blockquote>\n<p>Lorem ipsum dolor sit amet consectetur adipiscing elit sollicitudin purus id nisl volutpat aliquam lacinia lacus, nascetur cubilia pellentesque vitae est donec mus condimentum curae torquent pulvinar egestas nullam curabitur.<\/p>\n<p>Georgina P\u00e9rez<\/p>\n<\/blockquote>\n<p>\u00a0<\/p>\n<blockquote>Dictum iaculis ultrices vitae ligula feugiat aliquam tempor urna tellus volutpat, per purus consequat fermentum ultricies nunc tempus vel cubilia.\n<p>Lupita Morales<\/p>\n<\/blockquote>\n<p>\u00a0<\/p>\n<blockquote>\n<p>Nam pretium fusce lacus eleifend sed feugiat orci accumsan mus faucibus conubia vestibulum class eros imperdiet, vel molestie luctus vivamus sociis congue ligula curabitur eu ac sollicitudin primis fringilla.\u00a0<\/p>\n<p>Esteban Mendoza<\/p>\n<\/blockquote>\n<p>\u00a0<\/p>\n<h3>Los tres peores comentarios:<\/h3>\n<blockquote>\n<p>Purus montes suscipit venenatis ante potenti nisi scelerisque porttitor ad maecenas, ut mollis congue aliquet malesuada hac nisl feugiat rhoncus, mauris vel vehicula dictumst ultricies quisque habitant egestas cum.<\/p>\n<p>Jos\u00e9 Antonio Ram\u00edrez<\/p>\n<\/blockquote>\n<p>\u00a0<\/p>\n<blockquote>\n<p>Curae a parturient leo porta purus libero aliquet varius justo, interdum maecenas vel eu suscipit gravida potenti auctor lectus erat, ligula molestie elementum commodo posuere massa enim laoreet. Dignissim quisque tincidunt torquent id litora porta dictum in consequat.<\/p>\n<p>Guillermo del Toro<\/p>\n<\/blockquote>\n<p>\u00a0<\/p>\n<blockquote>\n<p>Sociis interdum accumsan conubia natoque nisi volutpat netus mus, vivamus morbi ridiculus mollis quis molestie malesuada mi. Auctor scelerisque luctus mollis tristique ultrices ac mauris, porttitor curabitur commodo praesent habitasse ornare sed, hac augue ad vitae placerat pulvinar.<\/p>\n<p>Anastasia Guti\u00e9rrez<\/p>\n<\/blockquote>\n<p>\u00a0<\/p>\n<h2>Comenta lo que t\u00fa har\u00edas ante los tres comentarios negativos.<\/h2>\n<p>Publicaremos las mejores recomendaciones en nuestro pr\u00f3ximo n\u00famero.<\/p>","protected":false},"excerpt":{"rendered":"<p>Comentarios del cliente final que servir\u00e1n para llamar la atenci\u00f3n, motivar y dar sentido a la contribuci\u00f3n de cada persona en la empresa para satisfacer al cliente.<\/p>\n","protected":false},"author":1,"featured_media":222,"comment_status":"open","ping_status":"closed","sticky":false,"template":"","format":"standard","meta":{"_et_pb_use_builder":"","_et_pb_old_content":"","_et_gb_content_width":"","footnotes":""},"categories":[8],"tags":[],"class_list":["post-220","post","type-post","status-publish","format-standard","has-post-thumbnail","hentry","category-nuestros-clientes-opinan"],"yoast_head":"<!-- This site is optimized with the Yoast SEO plugin v27.5 - https:\/\/yoast.com\/product\/yoast-seo-wordpress\/ -->\n<title>Lo que dicen de nuestra atenci\u00f3n en tiendas - Revista Interna | Instituto Discere<\/title>\n<meta name=\"robots\" content=\"index, follow, max-snippet:-1, max-image-preview:large, max-video-preview:-1\" \/>\n<link rel=\"canonical\" href=\"https:\/\/institutodiscere.com\/revista\/lo-que-dicen-de-nuestra-atencion-en-tiendas\/\" \/>\n<meta property=\"og:locale\" content=\"es_ES\" \/>\n<meta property=\"og:type\" content=\"article\" \/>\n<meta property=\"og:title\" content=\"Lo que dicen de nuestra atenci\u00f3n en tiendas - Revista Interna | Instituto Discere\" \/>\n<meta property=\"og:description\" content=\"Comentarios del cliente final que servir\u00e1n para llamar la atenci\u00f3n, motivar y dar sentido a la contribuci\u00f3n de cada persona en la empresa para satisfacer al cliente.\" \/>\n<meta property=\"og:url\" content=\"https:\/\/institutodiscere.com\/revista\/lo-que-dicen-de-nuestra-atencion-en-tiendas\/\" \/>\n<meta property=\"og:site_name\" content=\"Revista Interna | Instituto Discere\" \/>\n<meta property=\"article:published_time\" content=\"2023-08-08T16:37:45+00:00\" \/>\n<meta property=\"article:modified_time\" content=\"2023-08-08T16:49:43+00:00\" \/>\n<meta property=\"og:image\" content=\"https:\/\/institutodiscere.com\/revista\/wp-content\/uploads\/2023\/08\/imagen-340.jpg\" \/>\n\t<meta property=\"og:image:width\" content=\"810\" \/>\n\t<meta property=\"og:image:height\" content=\"455\" \/>\n\t<meta property=\"og:image:type\" content=\"image\/jpeg\" \/>\n<meta name=\"author\" content=\"ramonpartida\" \/>\n<meta name=\"twitter:card\" content=\"summary_large_image\" \/>\n<meta name=\"twitter:label1\" content=\"Escrito por\" \/>\n\t<meta name=\"twitter:data1\" content=\"ramonpartida\" \/>\n\t<meta name=\"twitter:label2\" content=\"Tiempo de lectura\" \/>\n\t<meta name=\"twitter:data2\" content=\"1 minuto\" \/>\n<script type=\"application\/ld+json\" class=\"yoast-schema-graph\">{\"@context\":\"https:\\\/\\\/schema.org\",\"@graph\":[{\"@type\":\"Article\",\"@id\":\"https:\\\/\\\/institutodiscere.com\\\/revista\\\/lo-que-dicen-de-nuestra-atencion-en-tiendas\\\/#article\",\"isPartOf\":{\"@id\":\"https:\\\/\\\/institutodiscere.com\\\/revista\\\/lo-que-dicen-de-nuestra-atencion-en-tiendas\\\/\"},\"author\":{\"name\":\"ramonpartida\",\"@id\":\"https:\\\/\\\/institutodiscere.com\\\/revista\\\/#\\\/schema\\\/person\\\/c28d4da2cdeb0206f162fc4f0326dae9\"},\"headline\":\"Lo que dicen de nuestra atenci\u00f3n en tiendas\",\"datePublished\":\"2023-08-08T16:37:45+00:00\",\"dateModified\":\"2023-08-08T16:49:43+00:00\",\"mainEntityOfPage\":{\"@id\":\"https:\\\/\\\/institutodiscere.com\\\/revista\\\/lo-que-dicen-de-nuestra-atencion-en-tiendas\\\/\"},\"wordCount\":277,\"commentCount\":0,\"publisher\":{\"@id\":\"https:\\\/\\\/institutodiscere.com\\\/revista\\\/#organization\"},\"image\":{\"@id\":\"https:\\\/\\\/institutodiscere.com\\\/revista\\\/lo-que-dicen-de-nuestra-atencion-en-tiendas\\\/#primaryimage\"},\"thumbnailUrl\":\"https:\\\/\\\/institutodiscere.com\\\/revista\\\/wp-content\\\/uploads\\\/2023\\\/08\\\/imagen-340.jpg\",\"articleSection\":[\"Nuestros clientes opinan\"],\"inLanguage\":\"es\",\"potentialAction\":[{\"@type\":\"CommentAction\",\"name\":\"Comment\",\"target\":[\"https:\\\/\\\/institutodiscere.com\\\/revista\\\/lo-que-dicen-de-nuestra-atencion-en-tiendas\\\/#respond\"]}]},{\"@type\":\"WebPage\",\"@id\":\"https:\\\/\\\/institutodiscere.com\\\/revista\\\/lo-que-dicen-de-nuestra-atencion-en-tiendas\\\/\",\"url\":\"https:\\\/\\\/institutodiscere.com\\\/revista\\\/lo-que-dicen-de-nuestra-atencion-en-tiendas\\\/\",\"name\":\"Lo que dicen de nuestra atenci\u00f3n en tiendas - Revista Interna | Instituto Discere\",\"isPartOf\":{\"@id\":\"https:\\\/\\\/institutodiscere.com\\\/revista\\\/#website\"},\"primaryImageOfPage\":{\"@id\":\"https:\\\/\\\/institutodiscere.com\\\/revista\\\/lo-que-dicen-de-nuestra-atencion-en-tiendas\\\/#primaryimage\"},\"image\":{\"@id\":\"https:\\\/\\\/institutodiscere.com\\\/revista\\\/lo-que-dicen-de-nuestra-atencion-en-tiendas\\\/#primaryimage\"},\"thumbnailUrl\":\"https:\\\/\\\/institutodiscere.com\\\/revista\\\/wp-content\\\/uploads\\\/2023\\\/08\\\/imagen-340.jpg\",\"datePublished\":\"2023-08-08T16:37:45+00:00\",\"dateModified\":\"2023-08-08T16:49:43+00:00\",\"breadcrumb\":{\"@id\":\"https:\\\/\\\/institutodiscere.com\\\/revista\\\/lo-que-dicen-de-nuestra-atencion-en-tiendas\\\/#breadcrumb\"},\"inLanguage\":\"es\",\"potentialAction\":[{\"@type\":\"ReadAction\",\"target\":[\"https:\\\/\\\/institutodiscere.com\\\/revista\\\/lo-que-dicen-de-nuestra-atencion-en-tiendas\\\/\"]}]},{\"@type\":\"ImageObject\",\"inLanguage\":\"es\",\"@id\":\"https:\\\/\\\/institutodiscere.com\\\/revista\\\/lo-que-dicen-de-nuestra-atencion-en-tiendas\\\/#primaryimage\",\"url\":\"https:\\\/\\\/institutodiscere.com\\\/revista\\\/wp-content\\\/uploads\\\/2023\\\/08\\\/imagen-340.jpg\",\"contentUrl\":\"https:\\\/\\\/institutodiscere.com\\\/revista\\\/wp-content\\\/uploads\\\/2023\\\/08\\\/imagen-340.jpg\",\"width\":810,\"height\":455},{\"@type\":\"BreadcrumbList\",\"@id\":\"https:\\\/\\\/institutodiscere.com\\\/revista\\\/lo-que-dicen-de-nuestra-atencion-en-tiendas\\\/#breadcrumb\",\"itemListElement\":[{\"@type\":\"ListItem\",\"position\":1,\"name\":\"Portada\",\"item\":\"https:\\\/\\\/institutodiscere.com\\\/revista\\\/\"},{\"@type\":\"ListItem\",\"position\":2,\"name\":\"Lo que dicen de nuestra atenci\u00f3n en tiendas\"}]},{\"@type\":\"WebSite\",\"@id\":\"https:\\\/\\\/institutodiscere.com\\\/revista\\\/#website\",\"url\":\"https:\\\/\\\/institutodiscere.com\\\/revista\\\/\",\"name\":\"Revista Interna | Instituto Discere\",\"description\":\"Ejemplo de una revista interna hecha para colaboradores de empresa.\",\"publisher\":{\"@id\":\"https:\\\/\\\/institutodiscere.com\\\/revista\\\/#organization\"},\"potentialAction\":[{\"@type\":\"SearchAction\",\"target\":{\"@type\":\"EntryPoint\",\"urlTemplate\":\"https:\\\/\\\/institutodiscere.com\\\/revista\\\/?s={search_term_string}\"},\"query-input\":{\"@type\":\"PropertyValueSpecification\",\"valueRequired\":true,\"valueName\":\"search_term_string\"}}],\"inLanguage\":\"es\"},{\"@type\":\"Organization\",\"@id\":\"https:\\\/\\\/institutodiscere.com\\\/revista\\\/#organization\",\"name\":\"Revista Interna | Instituto Discere\",\"url\":\"https:\\\/\\\/institutodiscere.com\\\/revista\\\/\",\"logo\":{\"@type\":\"ImageObject\",\"inLanguage\":\"es\",\"@id\":\"https:\\\/\\\/institutodiscere.com\\\/revista\\\/#\\\/schema\\\/logo\\\/image\\\/\",\"url\":\"https:\\\/\\\/institutodiscere.com\\\/revista\\\/wp-content\\\/uploads\\\/2023\\\/08\\\/favicon-1.png\",\"contentUrl\":\"https:\\\/\\\/institutodiscere.com\\\/revista\\\/wp-content\\\/uploads\\\/2023\\\/08\\\/favicon-1.png\",\"width\":512,\"height\":512,\"caption\":\"Revista Interna | Instituto Discere\"},\"image\":{\"@id\":\"https:\\\/\\\/institutodiscere.com\\\/revista\\\/#\\\/schema\\\/logo\\\/image\\\/\"}},{\"@type\":\"Person\",\"@id\":\"https:\\\/\\\/institutodiscere.com\\\/revista\\\/#\\\/schema\\\/person\\\/c28d4da2cdeb0206f162fc4f0326dae9\",\"name\":\"ramonpartida\",\"image\":{\"@type\":\"ImageObject\",\"inLanguage\":\"es\",\"@id\":\"https:\\\/\\\/secure.gravatar.com\\\/avatar\\\/afddb720bc182cabcda1cf67e0ffd2bc79510c1c7a6170c8c40eb9d4bcf05b44?s=96&d=mm&r=g\",\"url\":\"https:\\\/\\\/secure.gravatar.com\\\/avatar\\\/afddb720bc182cabcda1cf67e0ffd2bc79510c1c7a6170c8c40eb9d4bcf05b44?s=96&d=mm&r=g\",\"contentUrl\":\"https:\\\/\\\/secure.gravatar.com\\\/avatar\\\/afddb720bc182cabcda1cf67e0ffd2bc79510c1c7a6170c8c40eb9d4bcf05b44?s=96&d=mm&r=g\",\"caption\":\"ramonpartida\"},\"sameAs\":[\"http:\\\/\\\/institutodiscere.com\\\/revista\"],\"url\":\"https:\\\/\\\/institutodiscere.com\\\/revista\\\/author\\\/ramonpartida\\\/\"}]}<\/script>\n<!-- \/ Yoast SEO plugin. -->","yoast_head_json":{"title":"Lo que dicen de nuestra atenci\u00f3n en tiendas - Revista Interna | Instituto Discere","robots":{"index":"index","follow":"follow","max-snippet":"max-snippet:-1","max-image-preview":"max-image-preview:large","max-video-preview":"max-video-preview:-1"},"canonical":"https:\/\/institutodiscere.com\/revista\/lo-que-dicen-de-nuestra-atencion-en-tiendas\/","og_locale":"es_ES","og_type":"article","og_title":"Lo que dicen de nuestra atenci\u00f3n en tiendas - Revista Interna | Instituto Discere","og_description":"Comentarios del cliente final que servir\u00e1n para llamar la atenci\u00f3n, motivar y dar sentido a la contribuci\u00f3n de cada persona en la empresa para satisfacer al cliente.","og_url":"https:\/\/institutodiscere.com\/revista\/lo-que-dicen-de-nuestra-atencion-en-tiendas\/","og_site_name":"Revista Interna | Instituto Discere","article_published_time":"2023-08-08T16:37:45+00:00","article_modified_time":"2023-08-08T16:49:43+00:00","og_image":[{"width":810,"height":455,"url":"https:\/\/institutodiscere.com\/revista\/wp-content\/uploads\/2023\/08\/imagen-340.jpg","type":"image\/jpeg"}],"author":"ramonpartida","twitter_card":"summary_large_image","twitter_misc":{"Escrito por":"ramonpartida","Tiempo de lectura":"1 minuto"},"schema":{"@context":"https:\/\/schema.org","@graph":[{"@type":"Article","@id":"https:\/\/institutodiscere.com\/revista\/lo-que-dicen-de-nuestra-atencion-en-tiendas\/#article","isPartOf":{"@id":"https:\/\/institutodiscere.com\/revista\/lo-que-dicen-de-nuestra-atencion-en-tiendas\/"},"author":{"name":"ramonpartida","@id":"https:\/\/institutodiscere.com\/revista\/#\/schema\/person\/c28d4da2cdeb0206f162fc4f0326dae9"},"headline":"Lo que dicen de nuestra atenci\u00f3n en tiendas","datePublished":"2023-08-08T16:37:45+00:00","dateModified":"2023-08-08T16:49:43+00:00","mainEntityOfPage":{"@id":"https:\/\/institutodiscere.com\/revista\/lo-que-dicen-de-nuestra-atencion-en-tiendas\/"},"wordCount":277,"commentCount":0,"publisher":{"@id":"https:\/\/institutodiscere.com\/revista\/#organization"},"image":{"@id":"https:\/\/institutodiscere.com\/revista\/lo-que-dicen-de-nuestra-atencion-en-tiendas\/#primaryimage"},"thumbnailUrl":"https:\/\/institutodiscere.com\/revista\/wp-content\/uploads\/2023\/08\/imagen-340.jpg","articleSection":["Nuestros clientes opinan"],"inLanguage":"es","potentialAction":[{"@type":"CommentAction","name":"Comment","target":["https:\/\/institutodiscere.com\/revista\/lo-que-dicen-de-nuestra-atencion-en-tiendas\/#respond"]}]},{"@type":"WebPage","@id":"https:\/\/institutodiscere.com\/revista\/lo-que-dicen-de-nuestra-atencion-en-tiendas\/","url":"https:\/\/institutodiscere.com\/revista\/lo-que-dicen-de-nuestra-atencion-en-tiendas\/","name":"Lo que dicen de nuestra atenci\u00f3n en tiendas - Revista Interna | Instituto Discere","isPartOf":{"@id":"https:\/\/institutodiscere.com\/revista\/#website"},"primaryImageOfPage":{"@id":"https:\/\/institutodiscere.com\/revista\/lo-que-dicen-de-nuestra-atencion-en-tiendas\/#primaryimage"},"image":{"@id":"https:\/\/institutodiscere.com\/revista\/lo-que-dicen-de-nuestra-atencion-en-tiendas\/#primaryimage"},"thumbnailUrl":"https:\/\/institutodiscere.com\/revista\/wp-content\/uploads\/2023\/08\/imagen-340.jpg","datePublished":"2023-08-08T16:37:45+00:00","dateModified":"2023-08-08T16:49:43+00:00","breadcrumb":{"@id":"https:\/\/institutodiscere.com\/revista\/lo-que-dicen-de-nuestra-atencion-en-tiendas\/#breadcrumb"},"inLanguage":"es","potentialAction":[{"@type":"ReadAction","target":["https:\/\/institutodiscere.com\/revista\/lo-que-dicen-de-nuestra-atencion-en-tiendas\/"]}]},{"@type":"ImageObject","inLanguage":"es","@id":"https:\/\/institutodiscere.com\/revista\/lo-que-dicen-de-nuestra-atencion-en-tiendas\/#primaryimage","url":"https:\/\/institutodiscere.com\/revista\/wp-content\/uploads\/2023\/08\/imagen-340.jpg","contentUrl":"https:\/\/institutodiscere.com\/revista\/wp-content\/uploads\/2023\/08\/imagen-340.jpg","width":810,"height":455},{"@type":"BreadcrumbList","@id":"https:\/\/institutodiscere.com\/revista\/lo-que-dicen-de-nuestra-atencion-en-tiendas\/#breadcrumb","itemListElement":[{"@type":"ListItem","position":1,"name":"Portada","item":"https:\/\/institutodiscere.com\/revista\/"},{"@type":"ListItem","position":2,"name":"Lo que dicen de nuestra atenci\u00f3n en tiendas"}]},{"@type":"WebSite","@id":"https:\/\/institutodiscere.com\/revista\/#website","url":"https:\/\/institutodiscere.com\/revista\/","name":"Revista Interna | Instituto Discere","description":"Ejemplo de una revista interna hecha para colaboradores de empresa.","publisher":{"@id":"https:\/\/institutodiscere.com\/revista\/#organization"},"potentialAction":[{"@type":"SearchAction","target":{"@type":"EntryPoint","urlTemplate":"https:\/\/institutodiscere.com\/revista\/?s={search_term_string}"},"query-input":{"@type":"PropertyValueSpecification","valueRequired":true,"valueName":"search_term_string"}}],"inLanguage":"es"},{"@type":"Organization","@id":"https:\/\/institutodiscere.com\/revista\/#organization","name":"Revista Interna | Instituto Discere","url":"https:\/\/institutodiscere.com\/revista\/","logo":{"@type":"ImageObject","inLanguage":"es","@id":"https:\/\/institutodiscere.com\/revista\/#\/schema\/logo\/image\/","url":"https:\/\/institutodiscere.com\/revista\/wp-content\/uploads\/2023\/08\/favicon-1.png","contentUrl":"https:\/\/institutodiscere.com\/revista\/wp-content\/uploads\/2023\/08\/favicon-1.png","width":512,"height":512,"caption":"Revista Interna | Instituto Discere"},"image":{"@id":"https:\/\/institutodiscere.com\/revista\/#\/schema\/logo\/image\/"}},{"@type":"Person","@id":"https:\/\/institutodiscere.com\/revista\/#\/schema\/person\/c28d4da2cdeb0206f162fc4f0326dae9","name":"ramonpartida","image":{"@type":"ImageObject","inLanguage":"es","@id":"https:\/\/secure.gravatar.com\/avatar\/afddb720bc182cabcda1cf67e0ffd2bc79510c1c7a6170c8c40eb9d4bcf05b44?s=96&d=mm&r=g","url":"https:\/\/secure.gravatar.com\/avatar\/afddb720bc182cabcda1cf67e0ffd2bc79510c1c7a6170c8c40eb9d4bcf05b44?s=96&d=mm&r=g","contentUrl":"https:\/\/secure.gravatar.com\/avatar\/afddb720bc182cabcda1cf67e0ffd2bc79510c1c7a6170c8c40eb9d4bcf05b44?s=96&d=mm&r=g","caption":"ramonpartida"},"sameAs":["http:\/\/institutodiscere.com\/revista"],"url":"https:\/\/institutodiscere.com\/revista\/author\/ramonpartida\/"}]}},"_links":{"self":[{"href":"https:\/\/institutodiscere.com\/revista\/wp-json\/wp\/v2\/posts\/220","targetHints":{"allow":["GET"]}}],"collection":[{"href":"https:\/\/institutodiscere.com\/revista\/wp-json\/wp\/v2\/posts"}],"about":[{"href":"https:\/\/institutodiscere.com\/revista\/wp-json\/wp\/v2\/types\/post"}],"author":[{"embeddable":true,"href":"https:\/\/institutodiscere.com\/revista\/wp-json\/wp\/v2\/users\/1"}],"replies":[{"embeddable":true,"href":"https:\/\/institutodiscere.com\/revista\/wp-json\/wp\/v2\/comments?post=220"}],"version-history":[{"count":2,"href":"https:\/\/institutodiscere.com\/revista\/wp-json\/wp\/v2\/posts\/220\/revisions"}],"predecessor-version":[{"id":224,"href":"https:\/\/institutodiscere.com\/revista\/wp-json\/wp\/v2\/posts\/220\/revisions\/224"}],"wp:featuredmedia":[{"embeddable":true,"href":"https:\/\/institutodiscere.com\/revista\/wp-json\/wp\/v2\/media\/222"}],"wp:attachment":[{"href":"https:\/\/institutodiscere.com\/revista\/wp-json\/wp\/v2\/media?parent=220"}],"wp:term":[{"taxonomy":"category","embeddable":true,"href":"https:\/\/institutodiscere.com\/revista\/wp-json\/wp\/v2\/categories?post=220"},{"taxonomy":"post_tag","embeddable":true,"href":"https:\/\/institutodiscere.com\/revista\/wp-json\/wp\/v2\/tags?post=220"}],"curies":[{"name":"wp","href":"https:\/\/api.w.org\/{rel}","templated":true}]}}