{"id":212,"date":"2023-08-08T16:33:25","date_gmt":"2023-08-08T16:33:25","guid":{"rendered":"http:\/\/institutodiscere.com\/revista\/?p=212"},"modified":"2023-08-21T14:32:42","modified_gmt":"2023-08-21T14:32:42","slug":"lo-malo-de-octubre","status":"publish","type":"post","link":"https:\/\/institutodiscere.com\/revista\/lo-malo-de-octubre\/","title":{"rendered":"Lo malo de octubre"},"content":{"rendered":"\r\n<blockquote class=\"wp-block-quote is-layout-flow wp-block-quote-is-layout-flow\">\r\n<p>Esta secci\u00f3n presenta un resumen de actividades de la empresa, con la intenci\u00f3n de informar a su personal los desaciertos del mes anterior a fin de reducir su reincidencia o impacto.<\/p>\r\n<p>El equipo de Planeaci\u00f3n<\/p>\r\n<\/blockquote>\r\n<p><span style=\"color: #0000ff;\">Escucha el art\u00edculo aqu\u00ed:<\/span><\/p>\r\n<audio class=\"wp-audio-shortcode\" id=\"audio-212-1\" preload=\"none\" style=\"width: 100%;\" controls=\"controls\"><source type=\"audio\/mpeg\" src=\"http:\/\/institutodiscere.com\/revista\/wp-content\/uploads\/2023\/08\/Establecer-la-vision-de-tu-area.mp3?_=1\" \/><a href=\"http:\/\/institutodiscere.com\/revista\/wp-content\/uploads\/2023\/08\/Establecer-la-vision-de-tu-area.mp3\">http:\/\/institutodiscere.com\/revista\/wp-content\/uploads\/2023\/08\/Establecer-la-vision-de-tu-area.mp3<\/a><\/audio>\r\n\r\n<h3>\u00a0<\/h3>\r\n<h3>Se increment\u00f3 el retraso en el personal.<\/h3>\r\n<p><img decoding=\"async\" class=\" wp-image-879 alignleft lazyload\" src=\"data:image\/gif;base64,R0lGODlhAQABAIAAAAAAAP\/\/\/yH5BAEAAAAALAAAAAABAAEAAAIBRAA7\" data-src=\"http:\/\/institutodiscere.com\/revista\/wp-content\/uploads\/2023\/08\/retrasos-300x201.jpg\" alt=\"\" width=\"346\" height=\"232\" \/><noscript><img decoding=\"async\" class=\" wp-image-879 alignleft lazyload\" src=\"http:\/\/institutodiscere.com\/revista\/wp-content\/uploads\/2023\/08\/retrasos-300x201.jpg\" alt=\"\" width=\"346\" height=\"232\" \/><\/noscript>Lorem ipsum dolor sit amet consectetur adipiscing elit, et per mattis facilisis egestas tristique, dis pellentesque interdum eros ad libero. Dignissim nibh fringilla sollicitudin est laoreet a penatibus facilisis potenti nostra purus nec, sociosqu venenatis orci natoque pellentesque gravida nulla mus tellus in. Montes ornare potenti neque auctor ultricies malesuada maecenas dapibus tempor velit, nulla integer volutpat id morbi inceptos facilisis egestas lacinia litora eros, nisl ut commodo ultrices blandit libero vehicula diam viverra. Arcu tristique per congue senectus ligula lacus auctor sem mus tempus dictumst, ad inceptos iaculis fusce vivamus mauris sociosqu porta faucibus tempor, elementum eros aliquam sociis mi consequat posuere erat ultricies quis.<\/p>\r\n<h3>Uniformes da\u00f1ados.<\/h3>\r\n<p><img decoding=\"async\" class=\"wp-image-880 alignleft lazyload\" src=\"data:image\/gif;base64,R0lGODlhAQABAIAAAAAAAP\/\/\/yH5BAEAAAAALAAAAAABAAEAAAIBRAA7\" data-src=\"http:\/\/institutodiscere.com\/revista\/wp-content\/uploads\/2023\/08\/uniformes-300x200.jpg\" alt=\"\" width=\"345\" height=\"230\" \/><noscript><img decoding=\"async\" class=\"wp-image-880 alignleft lazyload\" src=\"http:\/\/institutodiscere.com\/revista\/wp-content\/uploads\/2023\/08\/uniformes-300x200.jpg\" alt=\"\" width=\"345\" height=\"230\" \/><\/noscript>Vitae nullam proin porttitor malesuada viverra ultricies fusce urna, praesent maecenas litora curabitur natoque lacinia elementum vehicula quisque, faucibus platea senectus primis ligula placerat duis. Eget cum fusce nascetur posuere condimentum phasellus facilisi etiam pulvinar aliquet, magna praesent ut ligula consequat odio augue venenatis orci magnis, rhoncus mi fermentum imperdiet sollicitudin varius senectus nibh at. Justo aenean cubilia nulla elementum torquent vehicula nibh, eget habitant tincidunt massa semper rhoncus senectus, faucibus odio quis eu nisl malesuada. Per varius hac phasellus molestie commodo, class laoreet lectus posuere dapibus natoque, augue nunc risus placerat.<\/p>\r\n\r\n<h3 class=\"wp-block-heading\">En conclusi\u00f3n<\/h3>\r\n<p>Fringilla aenean proin fames rutrum nulla vulputate orci elementum diam faucibus mus nunc pulvinar, eget ullamcorper euismod eros natoque ridiculus quis rhoncus purus auctor sagittis. Gravida porta mi magna diam volutpat viverra dictum dignissim vehicula, ac felis nec eros velit feugiat mattis turpis natoque, mauris primis imperdiet sed quam ante curae scelerisque. Imperdiet ornare morbi tellus rhoncus nam convallis faucibus nascetur sodales eget, ultrices orci viverra auctor hendrerit purus scelerisque montes litora. Feugiat turpis nullam semper erat quisque habitasse lobortis aliquet ultricies vel molestie primis, mollis pharetra ullamcorper ridiculus condimentum est eleifend rhoncus ultrices nibh ante.<\/p>\r\n","protected":false},"excerpt":{"rendered":"<p>Esta secci\u00f3n ofrecemos informaci\u00f3n relacionada con comportamientos, actitudes y situaciones desafortunadas que da\u00f1an la imagen o comportamiento de los participantes de la empresa.<\/p>\n","protected":false},"author":1,"featured_media":881,"comment_status":"open","ping_status":"closed","sticky":false,"template":"","format":"standard","meta":{"_et_pb_use_builder":"","_et_pb_old_content":"","_et_gb_content_width":"","footnotes":""},"categories":[4],"tags":[],"class_list":["post-212","post","type-post","status-publish","format-standard","has-post-thumbnail","hentry","category-lo-bueno-lo-malo-y-lo-que-viene"],"yoast_head":"<!-- This site is optimized with the Yoast SEO plugin v27.5 - https:\/\/yoast.com\/product\/yoast-seo-wordpress\/ -->\n<title>Lo malo de octubre - Revista Interna | Instituto Discere<\/title>\n<meta name=\"robots\" content=\"index, follow, max-snippet:-1, max-image-preview:large, max-video-preview:-1\" \/>\n<link rel=\"canonical\" href=\"https:\/\/institutodiscere.com\/revista\/lo-malo-de-octubre\/\" \/>\n<meta property=\"og:locale\" content=\"es_ES\" \/>\n<meta property=\"og:type\" content=\"article\" \/>\n<meta property=\"og:title\" content=\"Lo malo de octubre - Revista Interna | Instituto Discere\" \/>\n<meta property=\"og:description\" content=\"Esta secci\u00f3n ofrecemos informaci\u00f3n relacionada con comportamientos, actitudes y situaciones desafortunadas que da\u00f1an la imagen o comportamiento de los participantes de la empresa.\" \/>\n<meta property=\"og:url\" content=\"https:\/\/institutodiscere.com\/revista\/lo-malo-de-octubre\/\" \/>\n<meta property=\"og:site_name\" content=\"Revista Interna | Instituto Discere\" \/>\n<meta property=\"article:published_time\" content=\"2023-08-08T16:33:25+00:00\" \/>\n<meta property=\"article:modified_time\" content=\"2023-08-21T14:32:42+00:00\" \/>\n<meta property=\"og:image\" content=\"https:\/\/institutodiscere.com\/revista\/wp-content\/uploads\/2023\/08\/direccion.jpg\" \/>\n\t<meta property=\"og:image:width\" content=\"600\" \/>\n\t<meta property=\"og:image:height\" content=\"399\" \/>\n\t<meta property=\"og:image:type\" content=\"image\/jpeg\" \/>\n<meta name=\"author\" content=\"ramonpartida\" \/>\n<meta name=\"twitter:card\" content=\"summary_large_image\" \/>\n<meta name=\"twitter:label1\" content=\"Escrito por\" \/>\n\t<meta name=\"twitter:data1\" content=\"ramonpartida\" \/>\n\t<meta name=\"twitter:label2\" content=\"Tiempo de lectura\" \/>\n\t<meta name=\"twitter:data2\" content=\"2 minutos\" \/>\n<script type=\"application\/ld+json\" class=\"yoast-schema-graph\">{\"@context\":\"https:\\\/\\\/schema.org\",\"@graph\":[{\"@type\":\"Article\",\"@id\":\"https:\\\/\\\/institutodiscere.com\\\/revista\\\/lo-malo-de-octubre\\\/#article\",\"isPartOf\":{\"@id\":\"https:\\\/\\\/institutodiscere.com\\\/revista\\\/lo-malo-de-octubre\\\/\"},\"author\":{\"name\":\"ramonpartida\",\"@id\":\"https:\\\/\\\/institutodiscere.com\\\/revista\\\/#\\\/schema\\\/person\\\/c28d4da2cdeb0206f162fc4f0326dae9\"},\"headline\":\"Lo malo de octubre\",\"datePublished\":\"2023-08-08T16:33:25+00:00\",\"dateModified\":\"2023-08-21T14:32:42+00:00\",\"mainEntityOfPage\":{\"@id\":\"https:\\\/\\\/institutodiscere.com\\\/revista\\\/lo-malo-de-octubre\\\/\"},\"wordCount\":365,\"commentCount\":0,\"publisher\":{\"@id\":\"https:\\\/\\\/institutodiscere.com\\\/revista\\\/#organization\"},\"image\":{\"@id\":\"https:\\\/\\\/institutodiscere.com\\\/revista\\\/lo-malo-de-octubre\\\/#primaryimage\"},\"thumbnailUrl\":\"https:\\\/\\\/institutodiscere.com\\\/revista\\\/wp-content\\\/uploads\\\/2023\\\/08\\\/direccion.jpg\",\"articleSection\":[\"Lo bueno, lo malo y lo que viene\"],\"inLanguage\":\"es\",\"potentialAction\":[{\"@type\":\"CommentAction\",\"name\":\"Comment\",\"target\":[\"https:\\\/\\\/institutodiscere.com\\\/revista\\\/lo-malo-de-octubre\\\/#respond\"]}]},{\"@type\":\"WebPage\",\"@id\":\"https:\\\/\\\/institutodiscere.com\\\/revista\\\/lo-malo-de-octubre\\\/\",\"url\":\"https:\\\/\\\/institutodiscere.com\\\/revista\\\/lo-malo-de-octubre\\\/\",\"name\":\"Lo malo de octubre - Revista Interna | Instituto Discere\",\"isPartOf\":{\"@id\":\"https:\\\/\\\/institutodiscere.com\\\/revista\\\/#website\"},\"primaryImageOfPage\":{\"@id\":\"https:\\\/\\\/institutodiscere.com\\\/revista\\\/lo-malo-de-octubre\\\/#primaryimage\"},\"image\":{\"@id\":\"https:\\\/\\\/institutodiscere.com\\\/revista\\\/lo-malo-de-octubre\\\/#primaryimage\"},\"thumbnailUrl\":\"https:\\\/\\\/institutodiscere.com\\\/revista\\\/wp-content\\\/uploads\\\/2023\\\/08\\\/direccion.jpg\",\"datePublished\":\"2023-08-08T16:33:25+00:00\",\"dateModified\":\"2023-08-21T14:32:42+00:00\",\"breadcrumb\":{\"@id\":\"https:\\\/\\\/institutodiscere.com\\\/revista\\\/lo-malo-de-octubre\\\/#breadcrumb\"},\"inLanguage\":\"es\",\"potentialAction\":[{\"@type\":\"ReadAction\",\"target\":[\"https:\\\/\\\/institutodiscere.com\\\/revista\\\/lo-malo-de-octubre\\\/\"]}]},{\"@type\":\"ImageObject\",\"inLanguage\":\"es\",\"@id\":\"https:\\\/\\\/institutodiscere.com\\\/revista\\\/lo-malo-de-octubre\\\/#primaryimage\",\"url\":\"https:\\\/\\\/institutodiscere.com\\\/revista\\\/wp-content\\\/uploads\\\/2023\\\/08\\\/direccion.jpg\",\"contentUrl\":\"https:\\\/\\\/institutodiscere.com\\\/revista\\\/wp-content\\\/uploads\\\/2023\\\/08\\\/direccion.jpg\",\"width\":600,\"height\":399},{\"@type\":\"BreadcrumbList\",\"@id\":\"https:\\\/\\\/institutodiscere.com\\\/revista\\\/lo-malo-de-octubre\\\/#breadcrumb\",\"itemListElement\":[{\"@type\":\"ListItem\",\"position\":1,\"name\":\"Portada\",\"item\":\"https:\\\/\\\/institutodiscere.com\\\/revista\\\/\"},{\"@type\":\"ListItem\",\"position\":2,\"name\":\"Lo malo de octubre\"}]},{\"@type\":\"WebSite\",\"@id\":\"https:\\\/\\\/institutodiscere.com\\\/revista\\\/#website\",\"url\":\"https:\\\/\\\/institutodiscere.com\\\/revista\\\/\",\"name\":\"Revista Interna | Instituto Discere\",\"description\":\"Ejemplo de una revista interna hecha para colaboradores de empresa.\",\"publisher\":{\"@id\":\"https:\\\/\\\/institutodiscere.com\\\/revista\\\/#organization\"},\"potentialAction\":[{\"@type\":\"SearchAction\",\"target\":{\"@type\":\"EntryPoint\",\"urlTemplate\":\"https:\\\/\\\/institutodiscere.com\\\/revista\\\/?s={search_term_string}\"},\"query-input\":{\"@type\":\"PropertyValueSpecification\",\"valueRequired\":true,\"valueName\":\"search_term_string\"}}],\"inLanguage\":\"es\"},{\"@type\":\"Organization\",\"@id\":\"https:\\\/\\\/institutodiscere.com\\\/revista\\\/#organization\",\"name\":\"Revista Interna | Instituto Discere\",\"url\":\"https:\\\/\\\/institutodiscere.com\\\/revista\\\/\",\"logo\":{\"@type\":\"ImageObject\",\"inLanguage\":\"es\",\"@id\":\"https:\\\/\\\/institutodiscere.com\\\/revista\\\/#\\\/schema\\\/logo\\\/image\\\/\",\"url\":\"https:\\\/\\\/institutodiscere.com\\\/revista\\\/wp-content\\\/uploads\\\/2023\\\/08\\\/favicon-1.png\",\"contentUrl\":\"https:\\\/\\\/institutodiscere.com\\\/revista\\\/wp-content\\\/uploads\\\/2023\\\/08\\\/favicon-1.png\",\"width\":512,\"height\":512,\"caption\":\"Revista Interna | Instituto Discere\"},\"image\":{\"@id\":\"https:\\\/\\\/institutodiscere.com\\\/revista\\\/#\\\/schema\\\/logo\\\/image\\\/\"}},{\"@type\":\"Person\",\"@id\":\"https:\\\/\\\/institutodiscere.com\\\/revista\\\/#\\\/schema\\\/person\\\/c28d4da2cdeb0206f162fc4f0326dae9\",\"name\":\"ramonpartida\",\"image\":{\"@type\":\"ImageObject\",\"inLanguage\":\"es\",\"@id\":\"https:\\\/\\\/secure.gravatar.com\\\/avatar\\\/afddb720bc182cabcda1cf67e0ffd2bc79510c1c7a6170c8c40eb9d4bcf05b44?s=96&d=mm&r=g\",\"url\":\"https:\\\/\\\/secure.gravatar.com\\\/avatar\\\/afddb720bc182cabcda1cf67e0ffd2bc79510c1c7a6170c8c40eb9d4bcf05b44?s=96&d=mm&r=g\",\"contentUrl\":\"https:\\\/\\\/secure.gravatar.com\\\/avatar\\\/afddb720bc182cabcda1cf67e0ffd2bc79510c1c7a6170c8c40eb9d4bcf05b44?s=96&d=mm&r=g\",\"caption\":\"ramonpartida\"},\"sameAs\":[\"http:\\\/\\\/institutodiscere.com\\\/revista\"],\"url\":\"https:\\\/\\\/institutodiscere.com\\\/revista\\\/author\\\/ramonpartida\\\/\"}]}<\/script>\n<!-- \/ Yoast SEO plugin. -->","yoast_head_json":{"title":"Lo malo de octubre - Revista Interna | Instituto Discere","robots":{"index":"index","follow":"follow","max-snippet":"max-snippet:-1","max-image-preview":"max-image-preview:large","max-video-preview":"max-video-preview:-1"},"canonical":"https:\/\/institutodiscere.com\/revista\/lo-malo-de-octubre\/","og_locale":"es_ES","og_type":"article","og_title":"Lo malo de octubre - Revista Interna | Instituto Discere","og_description":"Esta secci\u00f3n ofrecemos informaci\u00f3n relacionada con comportamientos, actitudes y situaciones desafortunadas que da\u00f1an la imagen o comportamiento de los participantes de la empresa.","og_url":"https:\/\/institutodiscere.com\/revista\/lo-malo-de-octubre\/","og_site_name":"Revista Interna | Instituto Discere","article_published_time":"2023-08-08T16:33:25+00:00","article_modified_time":"2023-08-21T14:32:42+00:00","og_image":[{"width":600,"height":399,"url":"https:\/\/institutodiscere.com\/revista\/wp-content\/uploads\/2023\/08\/direccion.jpg","type":"image\/jpeg"}],"author":"ramonpartida","twitter_card":"summary_large_image","twitter_misc":{"Escrito por":"ramonpartida","Tiempo de lectura":"2 minutos"},"schema":{"@context":"https:\/\/schema.org","@graph":[{"@type":"Article","@id":"https:\/\/institutodiscere.com\/revista\/lo-malo-de-octubre\/#article","isPartOf":{"@id":"https:\/\/institutodiscere.com\/revista\/lo-malo-de-octubre\/"},"author":{"name":"ramonpartida","@id":"https:\/\/institutodiscere.com\/revista\/#\/schema\/person\/c28d4da2cdeb0206f162fc4f0326dae9"},"headline":"Lo malo de octubre","datePublished":"2023-08-08T16:33:25+00:00","dateModified":"2023-08-21T14:32:42+00:00","mainEntityOfPage":{"@id":"https:\/\/institutodiscere.com\/revista\/lo-malo-de-octubre\/"},"wordCount":365,"commentCount":0,"publisher":{"@id":"https:\/\/institutodiscere.com\/revista\/#organization"},"image":{"@id":"https:\/\/institutodiscere.com\/revista\/lo-malo-de-octubre\/#primaryimage"},"thumbnailUrl":"https:\/\/institutodiscere.com\/revista\/wp-content\/uploads\/2023\/08\/direccion.jpg","articleSection":["Lo bueno, lo malo y lo que viene"],"inLanguage":"es","potentialAction":[{"@type":"CommentAction","name":"Comment","target":["https:\/\/institutodiscere.com\/revista\/lo-malo-de-octubre\/#respond"]}]},{"@type":"WebPage","@id":"https:\/\/institutodiscere.com\/revista\/lo-malo-de-octubre\/","url":"https:\/\/institutodiscere.com\/revista\/lo-malo-de-octubre\/","name":"Lo malo de octubre - Revista Interna | Instituto Discere","isPartOf":{"@id":"https:\/\/institutodiscere.com\/revista\/#website"},"primaryImageOfPage":{"@id":"https:\/\/institutodiscere.com\/revista\/lo-malo-de-octubre\/#primaryimage"},"image":{"@id":"https:\/\/institutodiscere.com\/revista\/lo-malo-de-octubre\/#primaryimage"},"thumbnailUrl":"https:\/\/institutodiscere.com\/revista\/wp-content\/uploads\/2023\/08\/direccion.jpg","datePublished":"2023-08-08T16:33:25+00:00","dateModified":"2023-08-21T14:32:42+00:00","breadcrumb":{"@id":"https:\/\/institutodiscere.com\/revista\/lo-malo-de-octubre\/#breadcrumb"},"inLanguage":"es","potentialAction":[{"@type":"ReadAction","target":["https:\/\/institutodiscere.com\/revista\/lo-malo-de-octubre\/"]}]},{"@type":"ImageObject","inLanguage":"es","@id":"https:\/\/institutodiscere.com\/revista\/lo-malo-de-octubre\/#primaryimage","url":"https:\/\/institutodiscere.com\/revista\/wp-content\/uploads\/2023\/08\/direccion.jpg","contentUrl":"https:\/\/institutodiscere.com\/revista\/wp-content\/uploads\/2023\/08\/direccion.jpg","width":600,"height":399},{"@type":"BreadcrumbList","@id":"https:\/\/institutodiscere.com\/revista\/lo-malo-de-octubre\/#breadcrumb","itemListElement":[{"@type":"ListItem","position":1,"name":"Portada","item":"https:\/\/institutodiscere.com\/revista\/"},{"@type":"ListItem","position":2,"name":"Lo malo de octubre"}]},{"@type":"WebSite","@id":"https:\/\/institutodiscere.com\/revista\/#website","url":"https:\/\/institutodiscere.com\/revista\/","name":"Revista Interna | Instituto Discere","description":"Ejemplo de una revista interna hecha para colaboradores de empresa.","publisher":{"@id":"https:\/\/institutodiscere.com\/revista\/#organization"},"potentialAction":[{"@type":"SearchAction","target":{"@type":"EntryPoint","urlTemplate":"https:\/\/institutodiscere.com\/revista\/?s={search_term_string}"},"query-input":{"@type":"PropertyValueSpecification","valueRequired":true,"valueName":"search_term_string"}}],"inLanguage":"es"},{"@type":"Organization","@id":"https:\/\/institutodiscere.com\/revista\/#organization","name":"Revista Interna | Instituto Discere","url":"https:\/\/institutodiscere.com\/revista\/","logo":{"@type":"ImageObject","inLanguage":"es","@id":"https:\/\/institutodiscere.com\/revista\/#\/schema\/logo\/image\/","url":"https:\/\/institutodiscere.com\/revista\/wp-content\/uploads\/2023\/08\/favicon-1.png","contentUrl":"https:\/\/institutodiscere.com\/revista\/wp-content\/uploads\/2023\/08\/favicon-1.png","width":512,"height":512,"caption":"Revista Interna | Instituto Discere"},"image":{"@id":"https:\/\/institutodiscere.com\/revista\/#\/schema\/logo\/image\/"}},{"@type":"Person","@id":"https:\/\/institutodiscere.com\/revista\/#\/schema\/person\/c28d4da2cdeb0206f162fc4f0326dae9","name":"ramonpartida","image":{"@type":"ImageObject","inLanguage":"es","@id":"https:\/\/secure.gravatar.com\/avatar\/afddb720bc182cabcda1cf67e0ffd2bc79510c1c7a6170c8c40eb9d4bcf05b44?s=96&d=mm&r=g","url":"https:\/\/secure.gravatar.com\/avatar\/afddb720bc182cabcda1cf67e0ffd2bc79510c1c7a6170c8c40eb9d4bcf05b44?s=96&d=mm&r=g","contentUrl":"https:\/\/secure.gravatar.com\/avatar\/afddb720bc182cabcda1cf67e0ffd2bc79510c1c7a6170c8c40eb9d4bcf05b44?s=96&d=mm&r=g","caption":"ramonpartida"},"sameAs":["http:\/\/institutodiscere.com\/revista"],"url":"https:\/\/institutodiscere.com\/revista\/author\/ramonpartida\/"}]}},"_links":{"self":[{"href":"https:\/\/institutodiscere.com\/revista\/wp-json\/wp\/v2\/posts\/212","targetHints":{"allow":["GET"]}}],"collection":[{"href":"https:\/\/institutodiscere.com\/revista\/wp-json\/wp\/v2\/posts"}],"about":[{"href":"https:\/\/institutodiscere.com\/revista\/wp-json\/wp\/v2\/types\/post"}],"author":[{"embeddable":true,"href":"https:\/\/institutodiscere.com\/revista\/wp-json\/wp\/v2\/users\/1"}],"replies":[{"embeddable":true,"href":"https:\/\/institutodiscere.com\/revista\/wp-json\/wp\/v2\/comments?post=212"}],"version-history":[{"count":8,"href":"https:\/\/institutodiscere.com\/revista\/wp-json\/wp\/v2\/posts\/212\/revisions"}],"predecessor-version":[{"id":884,"href":"https:\/\/institutodiscere.com\/revista\/wp-json\/wp\/v2\/posts\/212\/revisions\/884"}],"wp:featuredmedia":[{"embeddable":true,"href":"https:\/\/institutodiscere.com\/revista\/wp-json\/wp\/v2\/media\/881"}],"wp:attachment":[{"href":"https:\/\/institutodiscere.com\/revista\/wp-json\/wp\/v2\/media?parent=212"}],"wp:term":[{"taxonomy":"category","embeddable":true,"href":"https:\/\/institutodiscere.com\/revista\/wp-json\/wp\/v2\/categories?post=212"},{"taxonomy":"post_tag","embeddable":true,"href":"https:\/\/institutodiscere.com\/revista\/wp-json\/wp\/v2\/tags?post=212"}],"curies":[{"name":"wp","href":"https:\/\/api.w.org\/{rel}","templated":true}]}}