{"id":189,"date":"2023-08-08T15:20:41","date_gmt":"2023-08-08T15:20:41","guid":{"rendered":"http:\/\/institutodiscere.com\/revista\/?p=189"},"modified":"2023-08-31T17:36:04","modified_gmt":"2023-08-31T17:36:04","slug":"cursos-programados-para-noviembre","status":"publish","type":"post","link":"https:\/\/institutodiscere.com\/revista\/cursos-programados-para-noviembre\/","title":{"rendered":"Cursos programados para noviembre"},"content":{"rendered":"\r\n<blockquote class=\"wp-block-quote is-layout-flow wp-block-quote-is-layout-flow\">\r\n<p>En esta secci\u00f3n colocamos la informaci\u00f3n relacionada con los cursos por ofrecerse durante el presente mes a fin de que todo el personal conozca en qu\u00e9 actividades est\u00e1n participando las personas en su formaci\u00f3n profesional dentro de la empresa. Menciona las fechas, el tema, duraci\u00f3n y si se trata de una actividad interna o externa.<\/p>\r\n<p><span style=\"font-style: italic;\">El \u00e1rea de Formaci\u00f3n.<\/span><\/p>\r\n<\/blockquote>\r\n\r\n<p><img decoding=\"async\" class=\"size-medium wp-image-195 alignleft lazyload\" src=\"data:image\/gif;base64,R0lGODlhAQABAIAAAAAAAP\/\/\/yH5BAEAAAAALAAAAAABAAEAAAIBRAA7\" data-src=\"http:\/\/institutodiscere.com\/revista\/wp-content\/uploads\/2023\/08\/imagen-12-300x169.jpg\" alt=\"\" width=\"300\" height=\"169\" \/><noscript><img decoding=\"async\" class=\"size-medium wp-image-195 alignleft lazyload\" src=\"http:\/\/institutodiscere.com\/revista\/wp-content\/uploads\/2023\/08\/imagen-12-300x169.jpg\" alt=\"\" width=\"300\" height=\"169\" srcset=\"https:\/\/institutodiscere.com\/revista\/wp-content\/uploads\/2023\/08\/imagen-12-300x169.jpg 300w, https:\/\/institutodiscere.com\/revista\/wp-content\/uploads\/2023\/08\/imagen-12-1024x576.jpg 1024w, https:\/\/institutodiscere.com\/revista\/wp-content\/uploads\/2023\/08\/imagen-12-768x432.jpg 768w, https:\/\/institutodiscere.com\/revista\/wp-content\/uploads\/2023\/08\/imagen-12-1536x864.jpg 1536w, https:\/\/institutodiscere.com\/revista\/wp-content\/uploads\/2023\/08\/imagen-12-1080x608.jpg 1080w, https:\/\/institutodiscere.com\/revista\/wp-content\/uploads\/2023\/08\/imagen-12.jpg 1600w\" sizes=\"(max-width: 300px) 100vw, 300px\" \/><\/noscript><\/p>\r\n\r\n<h2 class=\"wp-block-heading\">An\u00e1lisis de Problemas<\/h2>\r\n\r\n\r\n\r\n<p>Lorem ipsum dolor sit amet consectetur adipiscing elit, et per mattis facilisis egestas tristique, dis pellentesque interdum eros ad libero. Dignissim nibh fringilla sollicitudin est laoreet a penatibus facilisis potenti nostra purus nec, sociosqu venenatis orci natoque pellentesque gravida nulla mus tellus in. Montes ornare potenti neque auctor ultricies malesuada maecenas dapibus tempor velit, nulla integer volutpat id morbi inceptos facilisis egestas lacinia litora eros, nisl ut commodo ultrices blandit libero vehicula diam viverra. Arcu tristique per congue senectus ligula lacus auctor sem mus tempus dictumst, ad inceptos iaculis fusce vivamus mauris sociosqu porta faucibus tempor, elementum eros aliquam sociis mi consequat posuere erat ultricies quis.<\/p>\r\n\r\n<p><img decoding=\"async\" class=\"size-medium wp-image-192 alignleft lazyload\" src=\"data:image\/gif;base64,R0lGODlhAQABAIAAAAAAAP\/\/\/yH5BAEAAAAALAAAAAABAAEAAAIBRAA7\" data-src=\"http:\/\/institutodiscere.com\/revista\/wp-content\/uploads\/2023\/08\/30fe43dfffd0824375b11a376f194bb3_xscdvf-300x229.jpg\" alt=\"\" width=\"300\" height=\"229\" \/><noscript><img decoding=\"async\" class=\"size-medium wp-image-192 alignleft lazyload\" src=\"http:\/\/institutodiscere.com\/revista\/wp-content\/uploads\/2023\/08\/30fe43dfffd0824375b11a376f194bb3_xscdvf-300x229.jpg\" alt=\"\" width=\"300\" height=\"229\" srcset=\"https:\/\/institutodiscere.com\/revista\/wp-content\/uploads\/2023\/08\/30fe43dfffd0824375b11a376f194bb3_xscdvf-300x229.jpg 300w, https:\/\/institutodiscere.com\/revista\/wp-content\/uploads\/2023\/08\/30fe43dfffd0824375b11a376f194bb3_xscdvf.jpg 700w\" sizes=\"(max-width: 300px) 100vw, 300px\" \/><\/noscript><\/p>\r\n\r\n<h2 class=\"wp-block-heading\">Dise\u00f1o html<\/h2>\r\n\r\n\r\n\r\n<p>Vitae nullam proin porttitor malesuada viverra ultricies fusce urna, praesent maecenas litora curabitur natoque lacinia elementum vehicula quisque, faucibus platea senectus primis ligula placerat duis. Eget cum fusce nascetur posuere condimentum phasellus facilisi etiam pulvinar aliquet, magna praesent ut ligula consequat odio augue venenatis orci magnis, rhoncus mi fermentum imperdiet sollicitudin varius senectus nibh at. Justo aenean cubilia nulla elementum torquent vehicula nibh, eget habitant tincidunt massa semper rhoncus senectus, faucibus odio quis eu nisl malesuada. Per varius hac phasellus molestie commodo, class laoreet lectus posuere dapibus natoque, augue nunc risus placerat.<\/p>\r\n\r\n<p><img decoding=\"async\" class=\"size-medium wp-image-196 alignleft lazyload\" src=\"data:image\/gif;base64,R0lGODlhAQABAIAAAAAAAP\/\/\/yH5BAEAAAAALAAAAAABAAEAAAIBRAA7\" data-src=\"http:\/\/institutodiscere.com\/revista\/wp-content\/uploads\/2023\/08\/imagen-119-300x181.jpg\" alt=\"\" width=\"300\" height=\"181\" \/><noscript><img decoding=\"async\" class=\"size-medium wp-image-196 alignleft lazyload\" src=\"http:\/\/institutodiscere.com\/revista\/wp-content\/uploads\/2023\/08\/imagen-119-300x181.jpg\" alt=\"\" width=\"300\" height=\"181\" srcset=\"https:\/\/institutodiscere.com\/revista\/wp-content\/uploads\/2023\/08\/imagen-119-300x181.jpg 300w, https:\/\/institutodiscere.com\/revista\/wp-content\/uploads\/2023\/08\/imagen-119-768x464.jpg 768w, https:\/\/institutodiscere.com\/revista\/wp-content\/uploads\/2023\/08\/imagen-119-627x376.jpg 627w, https:\/\/institutodiscere.com\/revista\/wp-content\/uploads\/2023\/08\/imagen-119-440x264.jpg 440w, https:\/\/institutodiscere.com\/revista\/wp-content\/uploads\/2023\/08\/imagen-119.jpg 781w\" sizes=\"(max-width: 300px) 100vw, 300px\" \/><\/noscript><\/p>\r\n\r\n<h2 class=\"wp-block-heading\">Salud emocional &#8211; abierto a todos los colaboradores<\/h2>\r\n\r\n\r\n\r\n<p>Per class lectus hac faucibus enim diam parturient ornare, vivamus commodo ad magna penatibus mus suscipit tristique, convallis mi non vel rutrum consequat ultricies. Facilisi eu hendrerit porta neque diam orci habitant scelerisque netus, viverra est phasellus mattis risus tempus molestie faucibus luctus, dis platea penatibus class tortor magnis habitasse auctor. Dignissim curae urna at praesent fringilla lectus varius habitant, proin tortor vehicula eget tempus class fermentum magnis lacinia, facilisi lacus nisi blandit ultrices semper torquent.<\/p>\r\n","protected":false},"excerpt":{"rendered":"<p>En esta secci\u00f3n colocamos la informaci\u00f3n relacionada con los cursos por ofrecerse durante el presente mes a fin de que todo el personal conozca en qu\u00e9 actividades est\u00e1n participando las personas en su formaci\u00f3n profesional dentro de la empresa.<\/p>\n","protected":false},"author":1,"featured_media":190,"comment_status":"open","ping_status":"closed","sticky":false,"template":"","format":"standard","meta":{"_et_pb_use_builder":"","_et_pb_old_content":"","_et_gb_content_width":"","footnotes":""},"categories":[14],"tags":[],"class_list":["post-189","post","type-post","status-publish","format-standard","has-post-thumbnail","hentry","category-capacitacion"],"yoast_head":"<!-- This site is optimized with the Yoast SEO plugin v27.5 - https:\/\/yoast.com\/product\/yoast-seo-wordpress\/ -->\n<title>Cursos programados para noviembre - Revista Interna | Instituto Discere<\/title>\n<meta name=\"robots\" content=\"index, follow, max-snippet:-1, max-image-preview:large, max-video-preview:-1\" \/>\n<link rel=\"canonical\" href=\"https:\/\/institutodiscere.com\/revista\/cursos-programados-para-noviembre\/\" \/>\n<meta property=\"og:locale\" content=\"es_ES\" \/>\n<meta property=\"og:type\" content=\"article\" \/>\n<meta property=\"og:title\" content=\"Cursos programados para noviembre - Revista Interna | Instituto Discere\" \/>\n<meta property=\"og:description\" content=\"En esta secci\u00f3n colocamos la informaci\u00f3n relacionada con los cursos por ofrecerse durante el presente mes a fin de que todo el personal conozca en qu\u00e9 actividades est\u00e1n participando las personas en su formaci\u00f3n profesional dentro de la empresa.\" \/>\n<meta property=\"og:url\" content=\"https:\/\/institutodiscere.com\/revista\/cursos-programados-para-noviembre\/\" \/>\n<meta property=\"og:site_name\" content=\"Revista Interna | Instituto Discere\" \/>\n<meta property=\"article:published_time\" content=\"2023-08-08T15:20:41+00:00\" \/>\n<meta property=\"article:modified_time\" content=\"2023-08-31T17:36:04+00:00\" \/>\n<meta property=\"og:image\" content=\"https:\/\/institutodiscere.com\/revista\/wp-content\/uploads\/2023\/08\/imagen-96.jpg\" \/>\n\t<meta property=\"og:image:width\" content=\"521\" \/>\n\t<meta property=\"og:image:height\" content=\"348\" \/>\n\t<meta property=\"og:image:type\" content=\"image\/jpeg\" \/>\n<meta name=\"author\" content=\"ramonpartida\" \/>\n<meta name=\"twitter:card\" content=\"summary_large_image\" \/>\n<meta name=\"twitter:label1\" content=\"Escrito por\" \/>\n\t<meta name=\"twitter:data1\" content=\"ramonpartida\" \/>\n\t<meta name=\"twitter:label2\" content=\"Tiempo de lectura\" \/>\n\t<meta name=\"twitter:data2\" content=\"2 minutos\" \/>\n<script type=\"application\/ld+json\" class=\"yoast-schema-graph\">{\"@context\":\"https:\\\/\\\/schema.org\",\"@graph\":[{\"@type\":\"Article\",\"@id\":\"https:\\\/\\\/institutodiscere.com\\\/revista\\\/cursos-programados-para-noviembre\\\/#article\",\"isPartOf\":{\"@id\":\"https:\\\/\\\/institutodiscere.com\\\/revista\\\/cursos-programados-para-noviembre\\\/\"},\"author\":{\"name\":\"ramonpartida\",\"@id\":\"https:\\\/\\\/institutodiscere.com\\\/revista\\\/#\\\/schema\\\/person\\\/c28d4da2cdeb0206f162fc4f0326dae9\"},\"headline\":\"Cursos programados para noviembre\",\"datePublished\":\"2023-08-08T15:20:41+00:00\",\"dateModified\":\"2023-08-31T17:36:04+00:00\",\"mainEntityOfPage\":{\"@id\":\"https:\\\/\\\/institutodiscere.com\\\/revista\\\/cursos-programados-para-noviembre\\\/\"},\"wordCount\":358,\"commentCount\":0,\"publisher\":{\"@id\":\"https:\\\/\\\/institutodiscere.com\\\/revista\\\/#organization\"},\"image\":{\"@id\":\"https:\\\/\\\/institutodiscere.com\\\/revista\\\/cursos-programados-para-noviembre\\\/#primaryimage\"},\"thumbnailUrl\":\"https:\\\/\\\/institutodiscere.com\\\/revista\\\/wp-content\\\/uploads\\\/2023\\\/08\\\/imagen-96.jpg\",\"articleSection\":[\"Capacitaci\u00f3n\"],\"inLanguage\":\"es\",\"potentialAction\":[{\"@type\":\"CommentAction\",\"name\":\"Comment\",\"target\":[\"https:\\\/\\\/institutodiscere.com\\\/revista\\\/cursos-programados-para-noviembre\\\/#respond\"]}]},{\"@type\":\"WebPage\",\"@id\":\"https:\\\/\\\/institutodiscere.com\\\/revista\\\/cursos-programados-para-noviembre\\\/\",\"url\":\"https:\\\/\\\/institutodiscere.com\\\/revista\\\/cursos-programados-para-noviembre\\\/\",\"name\":\"Cursos programados para noviembre - Revista Interna | Instituto Discere\",\"isPartOf\":{\"@id\":\"https:\\\/\\\/institutodiscere.com\\\/revista\\\/#website\"},\"primaryImageOfPage\":{\"@id\":\"https:\\\/\\\/institutodiscere.com\\\/revista\\\/cursos-programados-para-noviembre\\\/#primaryimage\"},\"image\":{\"@id\":\"https:\\\/\\\/institutodiscere.com\\\/revista\\\/cursos-programados-para-noviembre\\\/#primaryimage\"},\"thumbnailUrl\":\"https:\\\/\\\/institutodiscere.com\\\/revista\\\/wp-content\\\/uploads\\\/2023\\\/08\\\/imagen-96.jpg\",\"datePublished\":\"2023-08-08T15:20:41+00:00\",\"dateModified\":\"2023-08-31T17:36:04+00:00\",\"breadcrumb\":{\"@id\":\"https:\\\/\\\/institutodiscere.com\\\/revista\\\/cursos-programados-para-noviembre\\\/#breadcrumb\"},\"inLanguage\":\"es\",\"potentialAction\":[{\"@type\":\"ReadAction\",\"target\":[\"https:\\\/\\\/institutodiscere.com\\\/revista\\\/cursos-programados-para-noviembre\\\/\"]}]},{\"@type\":\"ImageObject\",\"inLanguage\":\"es\",\"@id\":\"https:\\\/\\\/institutodiscere.com\\\/revista\\\/cursos-programados-para-noviembre\\\/#primaryimage\",\"url\":\"https:\\\/\\\/institutodiscere.com\\\/revista\\\/wp-content\\\/uploads\\\/2023\\\/08\\\/imagen-96.jpg\",\"contentUrl\":\"https:\\\/\\\/institutodiscere.com\\\/revista\\\/wp-content\\\/uploads\\\/2023\\\/08\\\/imagen-96.jpg\",\"width\":521,\"height\":348},{\"@type\":\"BreadcrumbList\",\"@id\":\"https:\\\/\\\/institutodiscere.com\\\/revista\\\/cursos-programados-para-noviembre\\\/#breadcrumb\",\"itemListElement\":[{\"@type\":\"ListItem\",\"position\":1,\"name\":\"Portada\",\"item\":\"https:\\\/\\\/institutodiscere.com\\\/revista\\\/\"},{\"@type\":\"ListItem\",\"position\":2,\"name\":\"Cursos programados para noviembre\"}]},{\"@type\":\"WebSite\",\"@id\":\"https:\\\/\\\/institutodiscere.com\\\/revista\\\/#website\",\"url\":\"https:\\\/\\\/institutodiscere.com\\\/revista\\\/\",\"name\":\"Revista Interna | Instituto Discere\",\"description\":\"Ejemplo de una revista interna hecha para colaboradores de empresa.\",\"publisher\":{\"@id\":\"https:\\\/\\\/institutodiscere.com\\\/revista\\\/#organization\"},\"potentialAction\":[{\"@type\":\"SearchAction\",\"target\":{\"@type\":\"EntryPoint\",\"urlTemplate\":\"https:\\\/\\\/institutodiscere.com\\\/revista\\\/?s={search_term_string}\"},\"query-input\":{\"@type\":\"PropertyValueSpecification\",\"valueRequired\":true,\"valueName\":\"search_term_string\"}}],\"inLanguage\":\"es\"},{\"@type\":\"Organization\",\"@id\":\"https:\\\/\\\/institutodiscere.com\\\/revista\\\/#organization\",\"name\":\"Revista Interna | Instituto Discere\",\"url\":\"https:\\\/\\\/institutodiscere.com\\\/revista\\\/\",\"logo\":{\"@type\":\"ImageObject\",\"inLanguage\":\"es\",\"@id\":\"https:\\\/\\\/institutodiscere.com\\\/revista\\\/#\\\/schema\\\/logo\\\/image\\\/\",\"url\":\"https:\\\/\\\/institutodiscere.com\\\/revista\\\/wp-content\\\/uploads\\\/2023\\\/08\\\/favicon-1.png\",\"contentUrl\":\"https:\\\/\\\/institutodiscere.com\\\/revista\\\/wp-content\\\/uploads\\\/2023\\\/08\\\/favicon-1.png\",\"width\":512,\"height\":512,\"caption\":\"Revista Interna | Instituto Discere\"},\"image\":{\"@id\":\"https:\\\/\\\/institutodiscere.com\\\/revista\\\/#\\\/schema\\\/logo\\\/image\\\/\"}},{\"@type\":\"Person\",\"@id\":\"https:\\\/\\\/institutodiscere.com\\\/revista\\\/#\\\/schema\\\/person\\\/c28d4da2cdeb0206f162fc4f0326dae9\",\"name\":\"ramonpartida\",\"image\":{\"@type\":\"ImageObject\",\"inLanguage\":\"es\",\"@id\":\"https:\\\/\\\/secure.gravatar.com\\\/avatar\\\/afddb720bc182cabcda1cf67e0ffd2bc79510c1c7a6170c8c40eb9d4bcf05b44?s=96&d=mm&r=g\",\"url\":\"https:\\\/\\\/secure.gravatar.com\\\/avatar\\\/afddb720bc182cabcda1cf67e0ffd2bc79510c1c7a6170c8c40eb9d4bcf05b44?s=96&d=mm&r=g\",\"contentUrl\":\"https:\\\/\\\/secure.gravatar.com\\\/avatar\\\/afddb720bc182cabcda1cf67e0ffd2bc79510c1c7a6170c8c40eb9d4bcf05b44?s=96&d=mm&r=g\",\"caption\":\"ramonpartida\"},\"sameAs\":[\"http:\\\/\\\/institutodiscere.com\\\/revista\"],\"url\":\"https:\\\/\\\/institutodiscere.com\\\/revista\\\/author\\\/ramonpartida\\\/\"}]}<\/script>\n<!-- \/ Yoast SEO plugin. -->","yoast_head_json":{"title":"Cursos programados para noviembre - Revista Interna | Instituto Discere","robots":{"index":"index","follow":"follow","max-snippet":"max-snippet:-1","max-image-preview":"max-image-preview:large","max-video-preview":"max-video-preview:-1"},"canonical":"https:\/\/institutodiscere.com\/revista\/cursos-programados-para-noviembre\/","og_locale":"es_ES","og_type":"article","og_title":"Cursos programados para noviembre - Revista Interna | Instituto Discere","og_description":"En esta secci\u00f3n colocamos la informaci\u00f3n relacionada con los cursos por ofrecerse durante el presente mes a fin de que todo el personal conozca en qu\u00e9 actividades est\u00e1n participando las personas en su formaci\u00f3n profesional dentro de la empresa.","og_url":"https:\/\/institutodiscere.com\/revista\/cursos-programados-para-noviembre\/","og_site_name":"Revista Interna | Instituto Discere","article_published_time":"2023-08-08T15:20:41+00:00","article_modified_time":"2023-08-31T17:36:04+00:00","og_image":[{"width":521,"height":348,"url":"https:\/\/institutodiscere.com\/revista\/wp-content\/uploads\/2023\/08\/imagen-96.jpg","type":"image\/jpeg"}],"author":"ramonpartida","twitter_card":"summary_large_image","twitter_misc":{"Escrito por":"ramonpartida","Tiempo de lectura":"2 minutos"},"schema":{"@context":"https:\/\/schema.org","@graph":[{"@type":"Article","@id":"https:\/\/institutodiscere.com\/revista\/cursos-programados-para-noviembre\/#article","isPartOf":{"@id":"https:\/\/institutodiscere.com\/revista\/cursos-programados-para-noviembre\/"},"author":{"name":"ramonpartida","@id":"https:\/\/institutodiscere.com\/revista\/#\/schema\/person\/c28d4da2cdeb0206f162fc4f0326dae9"},"headline":"Cursos programados para noviembre","datePublished":"2023-08-08T15:20:41+00:00","dateModified":"2023-08-31T17:36:04+00:00","mainEntityOfPage":{"@id":"https:\/\/institutodiscere.com\/revista\/cursos-programados-para-noviembre\/"},"wordCount":358,"commentCount":0,"publisher":{"@id":"https:\/\/institutodiscere.com\/revista\/#organization"},"image":{"@id":"https:\/\/institutodiscere.com\/revista\/cursos-programados-para-noviembre\/#primaryimage"},"thumbnailUrl":"https:\/\/institutodiscere.com\/revista\/wp-content\/uploads\/2023\/08\/imagen-96.jpg","articleSection":["Capacitaci\u00f3n"],"inLanguage":"es","potentialAction":[{"@type":"CommentAction","name":"Comment","target":["https:\/\/institutodiscere.com\/revista\/cursos-programados-para-noviembre\/#respond"]}]},{"@type":"WebPage","@id":"https:\/\/institutodiscere.com\/revista\/cursos-programados-para-noviembre\/","url":"https:\/\/institutodiscere.com\/revista\/cursos-programados-para-noviembre\/","name":"Cursos programados para noviembre - Revista Interna | Instituto Discere","isPartOf":{"@id":"https:\/\/institutodiscere.com\/revista\/#website"},"primaryImageOfPage":{"@id":"https:\/\/institutodiscere.com\/revista\/cursos-programados-para-noviembre\/#primaryimage"},"image":{"@id":"https:\/\/institutodiscere.com\/revista\/cursos-programados-para-noviembre\/#primaryimage"},"thumbnailUrl":"https:\/\/institutodiscere.com\/revista\/wp-content\/uploads\/2023\/08\/imagen-96.jpg","datePublished":"2023-08-08T15:20:41+00:00","dateModified":"2023-08-31T17:36:04+00:00","breadcrumb":{"@id":"https:\/\/institutodiscere.com\/revista\/cursos-programados-para-noviembre\/#breadcrumb"},"inLanguage":"es","potentialAction":[{"@type":"ReadAction","target":["https:\/\/institutodiscere.com\/revista\/cursos-programados-para-noviembre\/"]}]},{"@type":"ImageObject","inLanguage":"es","@id":"https:\/\/institutodiscere.com\/revista\/cursos-programados-para-noviembre\/#primaryimage","url":"https:\/\/institutodiscere.com\/revista\/wp-content\/uploads\/2023\/08\/imagen-96.jpg","contentUrl":"https:\/\/institutodiscere.com\/revista\/wp-content\/uploads\/2023\/08\/imagen-96.jpg","width":521,"height":348},{"@type":"BreadcrumbList","@id":"https:\/\/institutodiscere.com\/revista\/cursos-programados-para-noviembre\/#breadcrumb","itemListElement":[{"@type":"ListItem","position":1,"name":"Portada","item":"https:\/\/institutodiscere.com\/revista\/"},{"@type":"ListItem","position":2,"name":"Cursos programados para noviembre"}]},{"@type":"WebSite","@id":"https:\/\/institutodiscere.com\/revista\/#website","url":"https:\/\/institutodiscere.com\/revista\/","name":"Revista Interna | Instituto Discere","description":"Ejemplo de una revista interna hecha para colaboradores de empresa.","publisher":{"@id":"https:\/\/institutodiscere.com\/revista\/#organization"},"potentialAction":[{"@type":"SearchAction","target":{"@type":"EntryPoint","urlTemplate":"https:\/\/institutodiscere.com\/revista\/?s={search_term_string}"},"query-input":{"@type":"PropertyValueSpecification","valueRequired":true,"valueName":"search_term_string"}}],"inLanguage":"es"},{"@type":"Organization","@id":"https:\/\/institutodiscere.com\/revista\/#organization","name":"Revista Interna | Instituto Discere","url":"https:\/\/institutodiscere.com\/revista\/","logo":{"@type":"ImageObject","inLanguage":"es","@id":"https:\/\/institutodiscere.com\/revista\/#\/schema\/logo\/image\/","url":"https:\/\/institutodiscere.com\/revista\/wp-content\/uploads\/2023\/08\/favicon-1.png","contentUrl":"https:\/\/institutodiscere.com\/revista\/wp-content\/uploads\/2023\/08\/favicon-1.png","width":512,"height":512,"caption":"Revista Interna | Instituto Discere"},"image":{"@id":"https:\/\/institutodiscere.com\/revista\/#\/schema\/logo\/image\/"}},{"@type":"Person","@id":"https:\/\/institutodiscere.com\/revista\/#\/schema\/person\/c28d4da2cdeb0206f162fc4f0326dae9","name":"ramonpartida","image":{"@type":"ImageObject","inLanguage":"es","@id":"https:\/\/secure.gravatar.com\/avatar\/afddb720bc182cabcda1cf67e0ffd2bc79510c1c7a6170c8c40eb9d4bcf05b44?s=96&d=mm&r=g","url":"https:\/\/secure.gravatar.com\/avatar\/afddb720bc182cabcda1cf67e0ffd2bc79510c1c7a6170c8c40eb9d4bcf05b44?s=96&d=mm&r=g","contentUrl":"https:\/\/secure.gravatar.com\/avatar\/afddb720bc182cabcda1cf67e0ffd2bc79510c1c7a6170c8c40eb9d4bcf05b44?s=96&d=mm&r=g","caption":"ramonpartida"},"sameAs":["http:\/\/institutodiscere.com\/revista"],"url":"https:\/\/institutodiscere.com\/revista\/author\/ramonpartida\/"}]}},"_links":{"self":[{"href":"https:\/\/institutodiscere.com\/revista\/wp-json\/wp\/v2\/posts\/189","targetHints":{"allow":["GET"]}}],"collection":[{"href":"https:\/\/institutodiscere.com\/revista\/wp-json\/wp\/v2\/posts"}],"about":[{"href":"https:\/\/institutodiscere.com\/revista\/wp-json\/wp\/v2\/types\/post"}],"author":[{"embeddable":true,"href":"https:\/\/institutodiscere.com\/revista\/wp-json\/wp\/v2\/users\/1"}],"replies":[{"embeddable":true,"href":"https:\/\/institutodiscere.com\/revista\/wp-json\/wp\/v2\/comments?post=189"}],"version-history":[{"count":5,"href":"https:\/\/institutodiscere.com\/revista\/wp-json\/wp\/v2\/posts\/189\/revisions"}],"predecessor-version":[{"id":869,"href":"https:\/\/institutodiscere.com\/revista\/wp-json\/wp\/v2\/posts\/189\/revisions\/869"}],"wp:featuredmedia":[{"embeddable":true,"href":"https:\/\/institutodiscere.com\/revista\/wp-json\/wp\/v2\/media\/190"}],"wp:attachment":[{"href":"https:\/\/institutodiscere.com\/revista\/wp-json\/wp\/v2\/media?parent=189"}],"wp:term":[{"taxonomy":"category","embeddable":true,"href":"https:\/\/institutodiscere.com\/revista\/wp-json\/wp\/v2\/categories?post=189"},{"taxonomy":"post_tag","embeddable":true,"href":"https:\/\/institutodiscere.com\/revista\/wp-json\/wp\/v2\/tags?post=189"}],"curies":[{"name":"wp","href":"https:\/\/api.w.org\/{rel}","templated":true}]}}