{"id":129,"date":"2023-08-08T01:35:32","date_gmt":"2023-08-08T01:35:32","guid":{"rendered":"http:\/\/institutodiscere.com\/revista\/?p=129"},"modified":"2023-08-21T13:39:59","modified_gmt":"2023-08-21T13:39:59","slug":"la-presion-psicoemocional","status":"publish","type":"post","link":"https:\/\/institutodiscere.com\/revista\/la-presion-psicoemocional\/","title":{"rendered":"La presi\u00f3n psicoemocional"},"content":{"rendered":"<p><span style=\"color: #0000ff;\"><em>Escucha este art\u00edculo:<\/em><\/span><\/p>\n<audio class=\"wp-audio-shortcode\" id=\"audio-129-1\" preload=\"none\" style=\"width: 100%;\" controls=\"controls\"><source type=\"audio\/mpeg\" src=\"http:\/\/institutodiscere.com\/revista\/wp-content\/uploads\/2023\/08\/Establecer-la-vision-de-tu-area.mp3?_=1\" \/><a href=\"http:\/\/institutodiscere.com\/revista\/wp-content\/uploads\/2023\/08\/Establecer-la-vision-de-tu-area.mp3\">http:\/\/institutodiscere.com\/revista\/wp-content\/uploads\/2023\/08\/Establecer-la-vision-de-tu-area.mp3<\/a><\/audio>\n<blockquote><p>La NOM 035 forma parte de los principios que seguimos rigurosamente en ZIPIZAPE, esto significa que en la empresa hay comportamientos que no son aceptados bajo ninguna circunstancia en la empresa y provocan situaciones de riesgo entre las personas que colaboramos en la organizaci\u00f3n.<\/p><\/blockquote>\n<p>Conozcamos uno de los fen\u00f3menos m\u00e1s comunes en la mayor\u00eda de las empresas: <strong>la presi\u00f3n psicoemocional<\/strong>.<\/p>\n<h3>\u00bfQu\u00e9 es ejercer presi\u00f3n psicoemocional?<\/h3>\n<p><img decoding=\"async\" class=\"size-full wp-image-831 alignleft lazyload\" src=\"data:image\/gif;base64,R0lGODlhAQABAIAAAAAAAP\/\/\/yH5BAEAAAAALAAAAAABAAEAAAIBRAA7\" data-src=\"http:\/\/institutodiscere.com\/revista\/wp-content\/uploads\/2023\/08\/3-areas.png\" alt=\"\" width=\"51\" height=\"57\" \/><noscript><img decoding=\"async\" class=\"size-full wp-image-831 alignleft lazyload\" src=\"http:\/\/institutodiscere.com\/revista\/wp-content\/uploads\/2023\/08\/3-areas.png\" alt=\"\" width=\"51\" height=\"57\" \/><\/noscript>Urna maecenas velit hac facilisis eros nunc egestas erat, integer risus ac bibendum eget ultricies euismod inceptos metus, sociis magna sem fermentum enim senectus etiam. Curabitur eros ultrices donec senectus nibh mollis, mi sed erat lacinia aliquam primis id, sociosqu vulputate sodales viverra leo. Sapien facilisi aptent non malesuada posuere himenaeos tempor magnis aliquet, euismod volutpat leo odio vehicula ac metus.<\/p>\n<h3>\u00bfQu\u00e9 lo provoca?<\/h3>\n<p><img decoding=\"async\" class=\"size-full wp-image-834 alignleft lazyload\" src=\"data:image\/gif;base64,R0lGODlhAQABAIAAAAAAAP\/\/\/yH5BAEAAAAALAAAAAABAAEAAAIBRAA7\" data-src=\"http:\/\/institutodiscere.com\/revista\/wp-content\/uploads\/2023\/08\/clientes.png\" alt=\"\" width=\"50\" height=\"51\" \/><noscript><img decoding=\"async\" class=\"size-full wp-image-834 alignleft lazyload\" src=\"http:\/\/institutodiscere.com\/revista\/wp-content\/uploads\/2023\/08\/clientes.png\" alt=\"\" width=\"50\" height=\"51\" \/><\/noscript>Urna maecenas velit hac facilisis eros nunc egestas erat, integer risus ac bibendum eget ultricies euismod inceptos metus, sociis magna sem fermentum enim senectus etiam. Curabitur eros ultrices donec senectus nibh mollis, mi sed erat lacinia aliquam primis id, sociosqu vulputate sodales viverra leo. Sapien facilisi aptent non malesuada posuere himenaeos tempor magnis aliquet, euismod volutpat leo odio vehicula ac metus.<\/p>\n<h3>\u00bfQu\u00e9 efectos produce en la persona?<\/h3>\n<p><img decoding=\"async\" class=\"size-full wp-image-838 alignleft lazyload\" src=\"data:image\/gif;base64,R0lGODlhAQABAIAAAAAAAP\/\/\/yH5BAEAAAAALAAAAAABAAEAAAIBRAA7\" data-src=\"http:\/\/institutodiscere.com\/revista\/wp-content\/uploads\/2023\/08\/Diagnostico.png\" alt=\"\" width=\"50\" height=\"50\" \/><noscript><img decoding=\"async\" class=\"size-full wp-image-838 alignleft lazyload\" src=\"http:\/\/institutodiscere.com\/revista\/wp-content\/uploads\/2023\/08\/Diagnostico.png\" alt=\"\" width=\"50\" height=\"50\" \/><\/noscript>Urna maecenas velit hac facilisis eros nunc egestas erat, integer risus ac bibendum eget ultricies euismod inceptos metus, sociis magna sem fermentum enim senectus etiam. Curabitur eros ultrices donec senectus nibh mollis, mi sed erat lacinia aliquam primis id, sociosqu vulputate sodales viverra leo. Sapien facilisi aptent non malesuada posuere himenaeos tempor magnis aliquet, euismod volutpat leo odio vehicula ac metus.<\/p>\n<h3>\u00bfQu\u00e9 afectaciones laborales tiene para la organizaci\u00f3n?<\/h3>\n<p><img decoding=\"async\" class=\" wp-image-682 alignleft lazyload\" src=\"data:image\/gif;base64,R0lGODlhAQABAIAAAAAAAP\/\/\/yH5BAEAAAAALAAAAAABAAEAAAIBRAA7\" data-src=\"http:\/\/institutodiscere.com\/revista\/wp-content\/uploads\/2023\/08\/conservamos.png\" alt=\"\" width=\"53\" height=\"57\" \/><noscript><img decoding=\"async\" class=\" wp-image-682 alignleft lazyload\" src=\"http:\/\/institutodiscere.com\/revista\/wp-content\/uploads\/2023\/08\/conservamos.png\" alt=\"\" width=\"53\" height=\"57\" \/><\/noscript>Urna maecenas velit hac facilisis eros nunc egestas erat, integer risus ac bibendum eget ultricies euismod inceptos metus, sociis magna sem fermentum enim senectus etiam. Curabitur eros ultrices donec senectus nibh mollis, mi sed erat lacinia aliquam primis id, sociosqu vulputate sodales viverra leo. Sapien facilisi aptent non malesuada posuere himenaeos tempor magnis aliquet, euismod volutpat leo odio vehicula ac metus.<\/p>\n<h3>\u00bfC\u00f3mo da\u00f1a a la persona y su familia?<\/h3>\n<p><img decoding=\"async\" class=\" wp-image-216 alignleft lazyload\" src=\"data:image\/gif;base64,R0lGODlhAQABAIAAAAAAAP\/\/\/yH5BAEAAAAALAAAAAABAAEAAAIBRAA7\" data-src=\"http:\/\/institutodiscere.com\/revista\/wp-content\/uploads\/2023\/08\/AI.png\" alt=\"\" width=\"78\" height=\"78\" \/><noscript><img decoding=\"async\" class=\" wp-image-216 alignleft lazyload\" src=\"http:\/\/institutodiscere.com\/revista\/wp-content\/uploads\/2023\/08\/AI.png\" alt=\"\" width=\"78\" height=\"78\" \/><\/noscript>Urna maecenas velit hac facilisis eros nunc egestas erat, integer risus ac bibendum eget ultricies euismod inceptos metus, sociis magna sem fermentum enim senectus etiam. Curabitur eros ultrices donec senectus nibh mollis, mi sed erat lacinia aliquam primis id, sociosqu vulputate sodales viverra leo. Sapien facilisi aptent non malesuada posuere himenaeos tempor magnis aliquet, euismod volutpat leo odio vehicula ac metus.<\/p>\n<h3>En conclusi\u00f3n:<\/h3>\n<ul>\n<li>Urna maecenas velit hac facilisis eros nunc egestas erat.<\/li>\n<li>Integer risus ac bibendum eget ultricies euismod inceptos metus,<\/li>\n<li>Sociis magna sem fermentum enim senectus etiam.<\/li>\n<li>Curabitur eros ultrices donec senectus nibh mollis.<\/li>\n<li>Mi sed erat lacinia aliquam primis id, sociosqu vulputate sodales viverra leo.<\/li>\n<\/ul>\n<p>Sapien facilisi aptent non malesuada posuere himenaeos tempor magnis aliquet, euismod volutpat leo odio vehicula ac metus.<\/p>\n","protected":false},"excerpt":{"rendered":"<p>En ZIPIZAPE seguimos al pie de la letra la NOM 035 STPS evitando todo tipo de presi\u00f3n psicoemocional que puede ejercerse en el trabajo.<\/p>\n","protected":false},"author":1,"featured_media":158,"comment_status":"open","ping_status":"closed","sticky":false,"template":"","format":"standard","meta":{"_et_pb_use_builder":"off","_et_pb_old_content":"","_et_gb_content_width":"","footnotes":""},"categories":[16],"tags":[],"class_list":["post-129","post","type-post","status-publish","format-standard","has-post-thumbnail","hentry","category-filosofia-y-valores"],"yoast_head":"<!-- This site is optimized with the Yoast SEO plugin v27.5 - https:\/\/yoast.com\/product\/yoast-seo-wordpress\/ -->\n<title>La presi\u00f3n psicoemocional - Revista Interna | Instituto Discere<\/title>\n<meta name=\"robots\" content=\"index, follow, max-snippet:-1, max-image-preview:large, max-video-preview:-1\" \/>\n<link rel=\"canonical\" href=\"https:\/\/institutodiscere.com\/revista\/la-presion-psicoemocional\/\" \/>\n<meta property=\"og:locale\" content=\"es_ES\" \/>\n<meta property=\"og:type\" content=\"article\" \/>\n<meta property=\"og:title\" content=\"La presi\u00f3n psicoemocional - Revista Interna | Instituto Discere\" \/>\n<meta property=\"og:description\" content=\"En ZIPIZAPE seguimos al pie de la letra la NOM 035 STPS evitando todo tipo de presi\u00f3n psicoemocional que puede ejercerse en el trabajo.\" \/>\n<meta property=\"og:url\" content=\"https:\/\/institutodiscere.com\/revista\/la-presion-psicoemocional\/\" \/>\n<meta property=\"og:site_name\" content=\"Revista Interna | Instituto Discere\" \/>\n<meta property=\"article:published_time\" content=\"2023-08-08T01:35:32+00:00\" \/>\n<meta property=\"article:modified_time\" content=\"2023-08-21T13:39:59+00:00\" \/>\n<meta property=\"og:image\" content=\"https:\/\/institutodiscere.com\/revista\/wp-content\/uploads\/2023\/08\/billionphotos-1642065.jpg\" \/>\n\t<meta property=\"og:image:width\" content=\"500\" \/>\n\t<meta property=\"og:image:height\" content=\"300\" \/>\n\t<meta property=\"og:image:type\" content=\"image\/jpeg\" \/>\n<meta name=\"author\" content=\"ramonpartida\" \/>\n<meta name=\"twitter:card\" content=\"summary_large_image\" \/>\n<meta name=\"twitter:label1\" content=\"Escrito por\" \/>\n\t<meta name=\"twitter:data1\" content=\"ramonpartida\" \/>\n\t<meta name=\"twitter:label2\" content=\"Tiempo de lectura\" \/>\n\t<meta name=\"twitter:data2\" content=\"2 minutos\" \/>\n<script type=\"application\/ld+json\" class=\"yoast-schema-graph\">{\"@context\":\"https:\\\/\\\/schema.org\",\"@graph\":[{\"@type\":\"Article\",\"@id\":\"https:\\\/\\\/institutodiscere.com\\\/revista\\\/la-presion-psicoemocional\\\/#article\",\"isPartOf\":{\"@id\":\"https:\\\/\\\/institutodiscere.com\\\/revista\\\/la-presion-psicoemocional\\\/\"},\"author\":{\"name\":\"ramonpartida\",\"@id\":\"https:\\\/\\\/institutodiscere.com\\\/revista\\\/#\\\/schema\\\/person\\\/c28d4da2cdeb0206f162fc4f0326dae9\"},\"headline\":\"La presi\u00f3n psicoemocional\",\"datePublished\":\"2023-08-08T01:35:32+00:00\",\"dateModified\":\"2023-08-21T13:39:59+00:00\",\"mainEntityOfPage\":{\"@id\":\"https:\\\/\\\/institutodiscere.com\\\/revista\\\/la-presion-psicoemocional\\\/\"},\"wordCount\":485,\"commentCount\":0,\"publisher\":{\"@id\":\"https:\\\/\\\/institutodiscere.com\\\/revista\\\/#organization\"},\"image\":{\"@id\":\"https:\\\/\\\/institutodiscere.com\\\/revista\\\/la-presion-psicoemocional\\\/#primaryimage\"},\"thumbnailUrl\":\"https:\\\/\\\/institutodiscere.com\\\/revista\\\/wp-content\\\/uploads\\\/2023\\\/08\\\/billionphotos-1642065.jpg\",\"articleSection\":[\"Filosof\u00eda y Valores\"],\"inLanguage\":\"es\",\"potentialAction\":[{\"@type\":\"CommentAction\",\"name\":\"Comment\",\"target\":[\"https:\\\/\\\/institutodiscere.com\\\/revista\\\/la-presion-psicoemocional\\\/#respond\"]}]},{\"@type\":\"WebPage\",\"@id\":\"https:\\\/\\\/institutodiscere.com\\\/revista\\\/la-presion-psicoemocional\\\/\",\"url\":\"https:\\\/\\\/institutodiscere.com\\\/revista\\\/la-presion-psicoemocional\\\/\",\"name\":\"La presi\u00f3n psicoemocional - Revista Interna | Instituto Discere\",\"isPartOf\":{\"@id\":\"https:\\\/\\\/institutodiscere.com\\\/revista\\\/#website\"},\"primaryImageOfPage\":{\"@id\":\"https:\\\/\\\/institutodiscere.com\\\/revista\\\/la-presion-psicoemocional\\\/#primaryimage\"},\"image\":{\"@id\":\"https:\\\/\\\/institutodiscere.com\\\/revista\\\/la-presion-psicoemocional\\\/#primaryimage\"},\"thumbnailUrl\":\"https:\\\/\\\/institutodiscere.com\\\/revista\\\/wp-content\\\/uploads\\\/2023\\\/08\\\/billionphotos-1642065.jpg\",\"datePublished\":\"2023-08-08T01:35:32+00:00\",\"dateModified\":\"2023-08-21T13:39:59+00:00\",\"breadcrumb\":{\"@id\":\"https:\\\/\\\/institutodiscere.com\\\/revista\\\/la-presion-psicoemocional\\\/#breadcrumb\"},\"inLanguage\":\"es\",\"potentialAction\":[{\"@type\":\"ReadAction\",\"target\":[\"https:\\\/\\\/institutodiscere.com\\\/revista\\\/la-presion-psicoemocional\\\/\"]}]},{\"@type\":\"ImageObject\",\"inLanguage\":\"es\",\"@id\":\"https:\\\/\\\/institutodiscere.com\\\/revista\\\/la-presion-psicoemocional\\\/#primaryimage\",\"url\":\"https:\\\/\\\/institutodiscere.com\\\/revista\\\/wp-content\\\/uploads\\\/2023\\\/08\\\/billionphotos-1642065.jpg\",\"contentUrl\":\"https:\\\/\\\/institutodiscere.com\\\/revista\\\/wp-content\\\/uploads\\\/2023\\\/08\\\/billionphotos-1642065.jpg\",\"width\":500,\"height\":300},{\"@type\":\"BreadcrumbList\",\"@id\":\"https:\\\/\\\/institutodiscere.com\\\/revista\\\/la-presion-psicoemocional\\\/#breadcrumb\",\"itemListElement\":[{\"@type\":\"ListItem\",\"position\":1,\"name\":\"Portada\",\"item\":\"https:\\\/\\\/institutodiscere.com\\\/revista\\\/\"},{\"@type\":\"ListItem\",\"position\":2,\"name\":\"La presi\u00f3n psicoemocional\"}]},{\"@type\":\"WebSite\",\"@id\":\"https:\\\/\\\/institutodiscere.com\\\/revista\\\/#website\",\"url\":\"https:\\\/\\\/institutodiscere.com\\\/revista\\\/\",\"name\":\"Revista Interna | Instituto Discere\",\"description\":\"Ejemplo de una revista interna hecha para colaboradores de empresa.\",\"publisher\":{\"@id\":\"https:\\\/\\\/institutodiscere.com\\\/revista\\\/#organization\"},\"potentialAction\":[{\"@type\":\"SearchAction\",\"target\":{\"@type\":\"EntryPoint\",\"urlTemplate\":\"https:\\\/\\\/institutodiscere.com\\\/revista\\\/?s={search_term_string}\"},\"query-input\":{\"@type\":\"PropertyValueSpecification\",\"valueRequired\":true,\"valueName\":\"search_term_string\"}}],\"inLanguage\":\"es\"},{\"@type\":\"Organization\",\"@id\":\"https:\\\/\\\/institutodiscere.com\\\/revista\\\/#organization\",\"name\":\"Revista Interna | Instituto Discere\",\"url\":\"https:\\\/\\\/institutodiscere.com\\\/revista\\\/\",\"logo\":{\"@type\":\"ImageObject\",\"inLanguage\":\"es\",\"@id\":\"https:\\\/\\\/institutodiscere.com\\\/revista\\\/#\\\/schema\\\/logo\\\/image\\\/\",\"url\":\"https:\\\/\\\/institutodiscere.com\\\/revista\\\/wp-content\\\/uploads\\\/2023\\\/08\\\/favicon-1.png\",\"contentUrl\":\"https:\\\/\\\/institutodiscere.com\\\/revista\\\/wp-content\\\/uploads\\\/2023\\\/08\\\/favicon-1.png\",\"width\":512,\"height\":512,\"caption\":\"Revista Interna | Instituto Discere\"},\"image\":{\"@id\":\"https:\\\/\\\/institutodiscere.com\\\/revista\\\/#\\\/schema\\\/logo\\\/image\\\/\"}},{\"@type\":\"Person\",\"@id\":\"https:\\\/\\\/institutodiscere.com\\\/revista\\\/#\\\/schema\\\/person\\\/c28d4da2cdeb0206f162fc4f0326dae9\",\"name\":\"ramonpartida\",\"image\":{\"@type\":\"ImageObject\",\"inLanguage\":\"es\",\"@id\":\"https:\\\/\\\/secure.gravatar.com\\\/avatar\\\/afddb720bc182cabcda1cf67e0ffd2bc79510c1c7a6170c8c40eb9d4bcf05b44?s=96&d=mm&r=g\",\"url\":\"https:\\\/\\\/secure.gravatar.com\\\/avatar\\\/afddb720bc182cabcda1cf67e0ffd2bc79510c1c7a6170c8c40eb9d4bcf05b44?s=96&d=mm&r=g\",\"contentUrl\":\"https:\\\/\\\/secure.gravatar.com\\\/avatar\\\/afddb720bc182cabcda1cf67e0ffd2bc79510c1c7a6170c8c40eb9d4bcf05b44?s=96&d=mm&r=g\",\"caption\":\"ramonpartida\"},\"sameAs\":[\"http:\\\/\\\/institutodiscere.com\\\/revista\"],\"url\":\"https:\\\/\\\/institutodiscere.com\\\/revista\\\/author\\\/ramonpartida\\\/\"}]}<\/script>\n<!-- \/ Yoast SEO plugin. -->","yoast_head_json":{"title":"La presi\u00f3n psicoemocional - Revista Interna | Instituto Discere","robots":{"index":"index","follow":"follow","max-snippet":"max-snippet:-1","max-image-preview":"max-image-preview:large","max-video-preview":"max-video-preview:-1"},"canonical":"https:\/\/institutodiscere.com\/revista\/la-presion-psicoemocional\/","og_locale":"es_ES","og_type":"article","og_title":"La presi\u00f3n psicoemocional - Revista Interna | Instituto Discere","og_description":"En ZIPIZAPE seguimos al pie de la letra la NOM 035 STPS evitando todo tipo de presi\u00f3n psicoemocional que puede ejercerse en el trabajo.","og_url":"https:\/\/institutodiscere.com\/revista\/la-presion-psicoemocional\/","og_site_name":"Revista Interna | Instituto Discere","article_published_time":"2023-08-08T01:35:32+00:00","article_modified_time":"2023-08-21T13:39:59+00:00","og_image":[{"width":500,"height":300,"url":"https:\/\/institutodiscere.com\/revista\/wp-content\/uploads\/2023\/08\/billionphotos-1642065.jpg","type":"image\/jpeg"}],"author":"ramonpartida","twitter_card":"summary_large_image","twitter_misc":{"Escrito por":"ramonpartida","Tiempo de lectura":"2 minutos"},"schema":{"@context":"https:\/\/schema.org","@graph":[{"@type":"Article","@id":"https:\/\/institutodiscere.com\/revista\/la-presion-psicoemocional\/#article","isPartOf":{"@id":"https:\/\/institutodiscere.com\/revista\/la-presion-psicoemocional\/"},"author":{"name":"ramonpartida","@id":"https:\/\/institutodiscere.com\/revista\/#\/schema\/person\/c28d4da2cdeb0206f162fc4f0326dae9"},"headline":"La presi\u00f3n psicoemocional","datePublished":"2023-08-08T01:35:32+00:00","dateModified":"2023-08-21T13:39:59+00:00","mainEntityOfPage":{"@id":"https:\/\/institutodiscere.com\/revista\/la-presion-psicoemocional\/"},"wordCount":485,"commentCount":0,"publisher":{"@id":"https:\/\/institutodiscere.com\/revista\/#organization"},"image":{"@id":"https:\/\/institutodiscere.com\/revista\/la-presion-psicoemocional\/#primaryimage"},"thumbnailUrl":"https:\/\/institutodiscere.com\/revista\/wp-content\/uploads\/2023\/08\/billionphotos-1642065.jpg","articleSection":["Filosof\u00eda y Valores"],"inLanguage":"es","potentialAction":[{"@type":"CommentAction","name":"Comment","target":["https:\/\/institutodiscere.com\/revista\/la-presion-psicoemocional\/#respond"]}]},{"@type":"WebPage","@id":"https:\/\/institutodiscere.com\/revista\/la-presion-psicoemocional\/","url":"https:\/\/institutodiscere.com\/revista\/la-presion-psicoemocional\/","name":"La presi\u00f3n psicoemocional - Revista Interna | Instituto Discere","isPartOf":{"@id":"https:\/\/institutodiscere.com\/revista\/#website"},"primaryImageOfPage":{"@id":"https:\/\/institutodiscere.com\/revista\/la-presion-psicoemocional\/#primaryimage"},"image":{"@id":"https:\/\/institutodiscere.com\/revista\/la-presion-psicoemocional\/#primaryimage"},"thumbnailUrl":"https:\/\/institutodiscere.com\/revista\/wp-content\/uploads\/2023\/08\/billionphotos-1642065.jpg","datePublished":"2023-08-08T01:35:32+00:00","dateModified":"2023-08-21T13:39:59+00:00","breadcrumb":{"@id":"https:\/\/institutodiscere.com\/revista\/la-presion-psicoemocional\/#breadcrumb"},"inLanguage":"es","potentialAction":[{"@type":"ReadAction","target":["https:\/\/institutodiscere.com\/revista\/la-presion-psicoemocional\/"]}]},{"@type":"ImageObject","inLanguage":"es","@id":"https:\/\/institutodiscere.com\/revista\/la-presion-psicoemocional\/#primaryimage","url":"https:\/\/institutodiscere.com\/revista\/wp-content\/uploads\/2023\/08\/billionphotos-1642065.jpg","contentUrl":"https:\/\/institutodiscere.com\/revista\/wp-content\/uploads\/2023\/08\/billionphotos-1642065.jpg","width":500,"height":300},{"@type":"BreadcrumbList","@id":"https:\/\/institutodiscere.com\/revista\/la-presion-psicoemocional\/#breadcrumb","itemListElement":[{"@type":"ListItem","position":1,"name":"Portada","item":"https:\/\/institutodiscere.com\/revista\/"},{"@type":"ListItem","position":2,"name":"La presi\u00f3n psicoemocional"}]},{"@type":"WebSite","@id":"https:\/\/institutodiscere.com\/revista\/#website","url":"https:\/\/institutodiscere.com\/revista\/","name":"Revista Interna | Instituto Discere","description":"Ejemplo de una revista interna hecha para colaboradores de empresa.","publisher":{"@id":"https:\/\/institutodiscere.com\/revista\/#organization"},"potentialAction":[{"@type":"SearchAction","target":{"@type":"EntryPoint","urlTemplate":"https:\/\/institutodiscere.com\/revista\/?s={search_term_string}"},"query-input":{"@type":"PropertyValueSpecification","valueRequired":true,"valueName":"search_term_string"}}],"inLanguage":"es"},{"@type":"Organization","@id":"https:\/\/institutodiscere.com\/revista\/#organization","name":"Revista Interna | Instituto Discere","url":"https:\/\/institutodiscere.com\/revista\/","logo":{"@type":"ImageObject","inLanguage":"es","@id":"https:\/\/institutodiscere.com\/revista\/#\/schema\/logo\/image\/","url":"https:\/\/institutodiscere.com\/revista\/wp-content\/uploads\/2023\/08\/favicon-1.png","contentUrl":"https:\/\/institutodiscere.com\/revista\/wp-content\/uploads\/2023\/08\/favicon-1.png","width":512,"height":512,"caption":"Revista Interna | Instituto Discere"},"image":{"@id":"https:\/\/institutodiscere.com\/revista\/#\/schema\/logo\/image\/"}},{"@type":"Person","@id":"https:\/\/institutodiscere.com\/revista\/#\/schema\/person\/c28d4da2cdeb0206f162fc4f0326dae9","name":"ramonpartida","image":{"@type":"ImageObject","inLanguage":"es","@id":"https:\/\/secure.gravatar.com\/avatar\/afddb720bc182cabcda1cf67e0ffd2bc79510c1c7a6170c8c40eb9d4bcf05b44?s=96&d=mm&r=g","url":"https:\/\/secure.gravatar.com\/avatar\/afddb720bc182cabcda1cf67e0ffd2bc79510c1c7a6170c8c40eb9d4bcf05b44?s=96&d=mm&r=g","contentUrl":"https:\/\/secure.gravatar.com\/avatar\/afddb720bc182cabcda1cf67e0ffd2bc79510c1c7a6170c8c40eb9d4bcf05b44?s=96&d=mm&r=g","caption":"ramonpartida"},"sameAs":["http:\/\/institutodiscere.com\/revista"],"url":"https:\/\/institutodiscere.com\/revista\/author\/ramonpartida\/"}]}},"_links":{"self":[{"href":"https:\/\/institutodiscere.com\/revista\/wp-json\/wp\/v2\/posts\/129","targetHints":{"allow":["GET"]}}],"collection":[{"href":"https:\/\/institutodiscere.com\/revista\/wp-json\/wp\/v2\/posts"}],"about":[{"href":"https:\/\/institutodiscere.com\/revista\/wp-json\/wp\/v2\/types\/post"}],"author":[{"embeddable":true,"href":"https:\/\/institutodiscere.com\/revista\/wp-json\/wp\/v2\/users\/1"}],"replies":[{"embeddable":true,"href":"https:\/\/institutodiscere.com\/revista\/wp-json\/wp\/v2\/comments?post=129"}],"version-history":[{"count":10,"href":"https:\/\/institutodiscere.com\/revista\/wp-json\/wp\/v2\/posts\/129\/revisions"}],"predecessor-version":[{"id":853,"href":"https:\/\/institutodiscere.com\/revista\/wp-json\/wp\/v2\/posts\/129\/revisions\/853"}],"wp:featuredmedia":[{"embeddable":true,"href":"https:\/\/institutodiscere.com\/revista\/wp-json\/wp\/v2\/media\/158"}],"wp:attachment":[{"href":"https:\/\/institutodiscere.com\/revista\/wp-json\/wp\/v2\/media?parent=129"}],"wp:term":[{"taxonomy":"category","embeddable":true,"href":"https:\/\/institutodiscere.com\/revista\/wp-json\/wp\/v2\/categories?post=129"},{"taxonomy":"post_tag","embeddable":true,"href":"https:\/\/institutodiscere.com\/revista\/wp-json\/wp\/v2\/tags?post=129"}],"curies":[{"name":"wp","href":"https:\/\/api.w.org\/{rel}","templated":true}]}}